{"id":22864,"date":"2010-12-24T00:00:00","date_gmt":"2010-12-24T02:00:00","guid":{"rendered":"https:\/\/www.cnbb.org.br\/natal-hoje-e-sempre\/"},"modified":"2010-12-24T00:00:00","modified_gmt":"2010-12-24T02:00:00","slug":"natal-hoje-e-sempre","status":"publish","type":"post","link":"https:\/\/www.cnbb.org.br\/natal-hoje-e-sempre\/","title":{"rendered":"Natal hoje e sempre"},"content":{"rendered":"<p style=\"text-align: right\"><strong><em>Dom Orani Jo\u00e3o Tempesta, O. Cist.<br \/>\nArcebispo de S\u00e3o Sebasti\u00e3o do Rio de Janeiro<\/em><\/strong><\/p>\n<p style=\"text-align: justify\">Embora liturgicamente o Natal seja um tempo espec\u00edfico, o que \u00e9 comemorado, o Mist\u00e9rio da Encarna\u00e7\u00e3o deve ser sempre um fundamento em nossa vida. Por isso, somos chamados a fazer com que ele se estenda durante todo o ano. Esperamos que n\u00e3o seja apenas uma simples festa de confraterniza\u00e7\u00e3o entre colegas de trabalho, amigos e familiares, mas uma festa no verdadeiro sentido que esta palavra encerra: o dia do nascimento de Jesus Cristo, Senhor Nosso, Salvador e Redentor, o Deus conosco.<\/p>\n<p><!--more--><\/p>\n<p style=\"text-align: justify\">Aproveitando do Natal, por\u00e9m, o interesse econ\u00f4mico aumenta e praticamente dobram-se os lucros, pois \u00e9 uma das datas que mais impulsiona os neg\u00f3cios no mundo inteiro. Por tr\u00e1s das comemora\u00e7\u00f5es, que deveriam levar ao encantamento da manjedoura, h\u00e1 uma grande cadeia produtiva e comercial que movimenta praticamente todos os setores da economia.<\/p>\n<p style=\"text-align: justify\">\u00c9 uma \u00e9poca em que as pessoas gastam dinheiro, decoram as suas casas, trocam-se presentes, e isso est\u00e1 se tornando, aparentemente no cora\u00e7\u00e3o das pessoas, mais e mais importante, relegando em segundo plano o grande protagonista da festa. Em geral, as pessoas veem o Natal como uma festa familiar bonita e interessante e se sentem estimulados a fazer dele uma festa do consumismo. A tradi\u00e7\u00e3o de enfeitar a casa, reunir a fam\u00edlia para a ceia e a trocar presentes se mant\u00e9m mesmo em tempos de crise, e, em geral, os consumidores n\u00e3o abrem m\u00e3o disso.<\/p>\n<p>Mas em meio a toda essa onda de consumismo desenfreado ainda h\u00e1 uma preocupa\u00e7\u00e3o em se proporcionar um Natal digno \u00e0s pessoas mais carentes. Gra\u00e7as a esse &#8220;esp\u00edrito&#8221; do Natal, elas podem receber, ao menos nesta \u00e9poca do ano, a aten\u00e7\u00e3o merecida daqueles que durante o ano ignoraram as suas exist\u00eancias.<\/p>\n<p>Recorda-nos o Papa Bento XVI: \u201cComo \u00e9 ent\u00e3o importante que sejamos realmente crentes e como crentes reafirmemos com vigor, com a nossa vida, o mist\u00e9rio de salva\u00e7\u00e3o que a celebra\u00e7\u00e3o do Natal de Cristo traz consigo! Em Bel\u00e9m manifestou-se ao mundo a Luz que ilumina a nossa vida; foi-nos revelada a Vida que nos leva \u00e0 plenitude da nossa humanidade. Se n\u00e3o reconhecermos que Deus se fez homem, que sentido tem festejar o Natal? A celebra\u00e7\u00e3o torna-se vazia. Antes de tudo, n\u00f3s, crist\u00e3os, devemos reafirmar com profunda e sentida convic\u00e7\u00e3o a verdade do Natal de Cristo, para testemunhar diante de todos a consci\u00eancia de um dom inaudito, que \u00e9 riqueza n\u00e3o s\u00f3 para n\u00f3s, mas para todos. Disto brota o dever da evangeliza\u00e7\u00e3o, que \u00e9 precisamente a comunica\u00e7\u00e3o deste &#8220;eu-angelion&#8221;, desta &#8220;boa nova&#8221;\u201d. (Cf. Audi\u00eancia Geral de 19 de dezembro de 2007).<\/p>\n<p>Agradecemos a Deus pela prepara\u00e7\u00e3o piedosa que fizemos para o Natal em nossa Arquidiocese, com a generosidade de nossos padres em atendimento de confiss\u00f5es dos fi\u00e9is, com as manifesta\u00e7\u00f5es da ora\u00e7\u00e3o comunit\u00e1ria em torno da Novena de Natal, as celebra\u00e7\u00f5es lit\u00fargicas e tamb\u00e9m as muitas manifesta\u00e7\u00f5es p\u00fablicas de esp\u00edrito natalino (pres\u00e9pios, festival de canto coral, autos de natal e cantatas), que nos colocou no clima\u00a0 desta \u00e9poca e ajudou-nos ainda mais para bem celebrarmos o Natal do Redentor.<\/p>\n<p>Que todos n\u00f3s possamos fazer de nossas vidas um perene Natal!<br \/>\nQue em 2011 possamos ser melhores do que fomos em 2010.<br \/>\nQue Jesus, o Deus Menino, a quem celebrarmos, nas\u00e7a e renas\u00e7a em nossos cora\u00e7\u00f5es todos os dias de nossas vidas!<\/p>\n<p>&nbsp;<\/p>\n","protected":false},"excerpt":{"rendered":"<p>Dom Orani Jo\u00e3o Tempesta, O. Cist. Arcebispo de S\u00e3o Sebasti\u00e3o do Rio de Janeiro Embora liturgicamente o Natal seja um tempo espec\u00edfico, o que \u00e9 comemorado, o Mist\u00e9rio da Encarna\u00e7\u00e3o deve ser sempre um fundamento em nossa vida. Por isso, somos chamados a fazer com que ele se estenda durante todo o ano. Esperamos que &hellip;<\/p>\n<p class=\"read-more\"> <a class=\"\" href=\"https:\/\/www.cnbb.org.br\/natal-hoje-e-sempre\/\"> <span class=\"screen-reader-text\">Natal hoje e sempre<\/span> Leia mais &raquo;<\/a><\/p>\n","protected":false},"author":83,"featured_media":0,"comment_status":"open","ping_status":"open","sticky":false,"template":"","format":"standard","meta":{"site-sidebar-layout":"default","site-content-layout":"default","ast-global-header-display":"","ast-banner-title-visibility":"","ast-main-header-display":"","ast-hfb-above-header-display":"","ast-hfb-below-header-display":"","ast-hfb-mobile-header-display":"","site-post-title":"","ast-breadcrumbs-content":"","ast-featured-img":"","footer-sml-layout":"","theme-transparent-header-meta":"","adv-header-id-meta":"","stick-header-meta":"","header-above-stick-meta":"","header-main-stick-meta":"","header-below-stick-meta":""},"categories":[770,769],"tags":[],"acf":[],"_links":{"self":[{"href":"https:\/\/www.cnbb.org.br\/cnbb-app\/wp\/v2\/posts\/22864"}],"collection":[{"href":"https:\/\/www.cnbb.org.br\/cnbb-app\/wp\/v2\/posts"}],"about":[{"href":"https:\/\/www.cnbb.org.br\/cnbb-app\/wp\/v2\/types\/post"}],"author":[{"embeddable":true,"href":"https:\/\/www.cnbb.org.br\/cnbb-app\/wp\/v2\/users\/83"}],"replies":[{"embeddable":true,"href":"https:\/\/www.cnbb.org.br\/cnbb-app\/wp\/v2\/comments?post=22864"}],"version-history":[{"count":0,"href":"https:\/\/www.cnbb.org.br\/cnbb-app\/wp\/v2\/posts\/22864\/revisions"}],"wp:attachment":[{"href":"https:\/\/www.cnbb.org.br\/cnbb-app\/wp\/v2\/media?parent=22864"}],"wp:term":[{"taxonomy":"category","embeddable":true,"href":"https:\/\/www.cnbb.org.br\/cnbb-app\/wp\/v2\/categories?post=22864"},{"taxonomy":"post_tag","embeddable":true,"href":"https:\/\/www.cnbb.org.br\/cnbb-app\/wp\/v2\/tags?post=22864"}],"curies":[{"name":"wp","href":"https:\/\/api.w.org\/{rel}","templated":true}]}}