{"id":22872,"date":"2011-02-15T00:00:00","date_gmt":"2011-02-15T02:00:00","guid":{"rendered":"https:\/\/www.cnbb.org.br\/regional-ne-2-abre-cf-2011-com-seminario-sobre-desmatamento\/"},"modified":"2011-02-15T00:00:00","modified_gmt":"2011-02-15T02:00:00","slug":"regional-ne-2-abre-cf-2011-com-seminario-sobre-desmatamento","status":"publish","type":"post","link":"https:\/\/www.cnbb.org.br\/regional-ne-2-abre-cf-2011-com-seminario-sobre-desmatamento\/","title":{"rendered":"Regional NE 2 abre CF-2011 com Semin\u00e1rio sobre desmatamento"},"content":{"rendered":"<p style=\"text-align: justify\">No dia 10 de mar\u00e7o o Regional Nordeste 2 da CNBB (Alagoas, Para\u00edba, Pernambuco e Rio Grande do Norte) faz a abertura da Campanha da Fraternidade com um semin\u00e1rio sobre desmatamento e suas consequ\u00eancias. Al\u00e9m disso, a abertura conta ainda com um jantar, uma caminhada e uma celebra\u00e7\u00e3o eucar\u00edstica.<\/p>\n<p>  <!--more-->  <\/p>\n<p style=\"text-align: justify\">A abertura da CF-2011, \u201cFraternidade e a Vida no Planeta\u201d, no Regional acontece no Imir\u00e1 Plaza Hotel, via costeira de Natal. O semin\u00e1rio, cujo tema \u00e9 &#8220;Quem desmata a terra, semeia inferno&#8221;, uma frase dita pelo padre C\u00edcero Rom\u00e3o Batista acontece no dia 11, tamb\u00e9m no Imir\u00e1.<\/p>\n<p style=\"text-align: justify\">No dia seguinte, na catedral de Natal, ser\u00e1 celebrada missa, com a participa\u00e7\u00e3o dos bispos do Regional Nordeste 2. Depois da missa, haver\u00e1 caminhada pelas ruas do centro da capital potiguar.<\/p>\n<p style=\"text-align: justify\">J\u00e1 est\u00e3o confirmadas, para o semin\u00e1rio, as presen\u00e7as de quatro palestrantes: o cantor e compositor padre Zezinho; o deputado federal pelo estado de S\u00e3o Paulo, Gabriel Chalita; te\u00f3logo, soci\u00f3logo e assessor de C\u00e1ritas Brasileira, Ivo Poletto; e o professor do Departamento de F\u00edsica e coordenador da p\u00f3s-gradua\u00e7\u00e3o em mudan\u00e7as clim\u00e1ticas, da Universidade Federal do Rio Grande do Norte (UFRN), Francisco Alexandre.<\/p>\n<p style=\"text-align: justify\">As inscri\u00e7\u00f5es para o Semin\u00e1rio est\u00e3o abertas e podem ser feitas na sala do Setor Social da arquidiocese de Natal, no Centro Pastoral Pio X &#8211; subsolo da catedral, de segunda a sexta-feira, pela manh\u00e3 e \u00e0 tarde.\u00a0 Mais informa\u00e7\u00f5es pelo telefone (84) 3615-2800.<\/p>\n","protected":false},"excerpt":{"rendered":"<p>No dia 10 de mar\u00e7o o Regional Nordeste 2 da CNBB (Alagoas, Para\u00edba, Pernambuco e Rio Grande do Norte) faz a abertura da Campanha da Fraternidade com um semin\u00e1rio sobre desmatamento e suas consequ\u00eancias. Al\u00e9m disso, a abertura conta ainda com um jantar, uma caminhada e uma celebra\u00e7\u00e3o eucar\u00edstica.<\/p>\n","protected":false},"author":83,"featured_media":13277,"comment_status":"open","ping_status":"open","sticky":false,"template":"","format":"standard","meta":{"site-sidebar-layout":"default","site-content-layout":"default","ast-global-header-display":"","ast-banner-title-visibility":"","ast-main-header-display":"","ast-hfb-above-header-display":"","ast-hfb-below-header-display":"","ast-hfb-mobile-header-display":"","site-post-title":"","ast-breadcrumbs-content":"","ast-featured-img":"","footer-sml-layout":"","theme-transparent-header-meta":"","adv-header-id-meta":"","stick-header-meta":"","header-above-stick-meta":"","header-main-stick-meta":"","header-below-stick-meta":""},"categories":[770,769],"tags":[],"acf":[],"_links":{"self":[{"href":"https:\/\/www.cnbb.org.br\/cnbb-app\/wp\/v2\/posts\/22872"}],"collection":[{"href":"https:\/\/www.cnbb.org.br\/cnbb-app\/wp\/v2\/posts"}],"about":[{"href":"https:\/\/www.cnbb.org.br\/cnbb-app\/wp\/v2\/types\/post"}],"author":[{"embeddable":true,"href":"https:\/\/www.cnbb.org.br\/cnbb-app\/wp\/v2\/users\/83"}],"replies":[{"embeddable":true,"href":"https:\/\/www.cnbb.org.br\/cnbb-app\/wp\/v2\/comments?post=22872"}],"version-history":[{"count":0,"href":"https:\/\/www.cnbb.org.br\/cnbb-app\/wp\/v2\/posts\/22872\/revisions"}],"wp:featuredmedia":[{"embeddable":true,"href":"https:\/\/www.cnbb.org.br\/cnbb-app\/wp\/v2\/media\/13277"}],"wp:attachment":[{"href":"https:\/\/www.cnbb.org.br\/cnbb-app\/wp\/v2\/media?parent=22872"}],"wp:term":[{"taxonomy":"category","embeddable":true,"href":"https:\/\/www.cnbb.org.br\/cnbb-app\/wp\/v2\/categories?post=22872"},{"taxonomy":"post_tag","embeddable":true,"href":"https:\/\/www.cnbb.org.br\/cnbb-app\/wp\/v2\/tags?post=22872"}],"curies":[{"name":"wp","href":"https:\/\/api.w.org\/{rel}","templated":true}]}}