{"id":22879,"date":"2011-03-11T00:00:00","date_gmt":"2011-03-11T03:00:00","guid":{"rendered":"https:\/\/www.cnbb.org.br\/regional-nordeste-2-lanca-cf-2011-em-natal\/"},"modified":"2011-03-11T00:00:00","modified_gmt":"2011-03-11T03:00:00","slug":"regional-nordeste-2-lanca-cf-2011-em-natal","status":"publish","type":"post","link":"https:\/\/www.cnbb.org.br\/regional-nordeste-2-lanca-cf-2011-em-natal\/","title":{"rendered":"Regional Nordeste 2 lan\u00e7a CF-2011 em Natal"},"content":{"rendered":"<p style=\"text-align: justify\">Dezessete bispos, autoridades governamentais e representantes da imprensa potiguar se reuniram, na noite desta quinta-feira, 11, no audit\u00f3rio do Hotel Imir\u00e1, na via costeira de Natal (RN), para a abertura da programa\u00e7\u00e3o de lan\u00e7amento da Campanha da Fraternidade 2011, no Regional Nordeste 2 (Alagoas, Para\u00edba, Pernambuco e Rio Grande do Norte).<\/p>\n<p>  <!--more-->  <\/p>\n<p style=\"text-align: justify\">Bispos e autoridades falaram para os presentes sobre a import\u00e2ncia de a Igreja Cat\u00f3lica levar o tema \u201cFraternidade e a Vida no Planeta\u201d para ser discutido junto com a sociedade. A governadora do Rio Grande do Norte, Rosalba Ciarline, e a prefeita do munic\u00edpio de Natal, Micarla de Sousa, parabenizaram a Igreja pela escolha do tema, t\u00e3o relevante para o momento atual. O vice-presidente do Regional, dom Jaime Vieira Rocha, falou, com base em estudos, da situa\u00e7\u00e3o preocupante em rela\u00e7\u00e3o ao meio ambiente, especialmente, do aquecimento global.<\/p>\n<p style=\"text-align: justify\">A programa\u00e7\u00e3o de lan\u00e7amento regional da CF prossegue nesta sexta-feira, com um Semin\u00e1rio, das 8 \u00e0s 17h30, abordando o tema: \u201cQuem desmata a terra, semeia inferno\u201d, uma frase do padre C\u00edcero Rom\u00e3o Batista. No s\u00e1bado, 12, \u00e0s 8h30, na Catedral Metropolitana de Natal, haver\u00e1 celebra\u00e7\u00e3o eucar\u00edstica, com a participa\u00e7\u00e3o dos bispos do Regional Nordeste 2. Ap\u00f3s a missa, acontecer\u00e1 uma caminhada pelas ruas do centro de Natal.<\/p>\n","protected":false},"excerpt":{"rendered":"<p>Dezessete bispos, autoridades governamentais e representantes da imprensa potiguar se reuniram, na noite desta quinta-feira, 11, no audit\u00f3rio do Hotel Imir\u00e1, na via costeira de Natal (RN), para a abertura da programa\u00e7\u00e3o de lan\u00e7amento da Campanha da Fraternidade 2011, no Regional Nordeste 2 (Alagoas, Para\u00edba, Pernambuco e Rio Grande do Norte).<\/p>\n","protected":false},"author":83,"featured_media":22880,"comment_status":"open","ping_status":"open","sticky":false,"template":"","format":"standard","meta":{"site-sidebar-layout":"default","site-content-layout":"default","ast-global-header-display":"","ast-banner-title-visibility":"","ast-main-header-display":"","ast-hfb-above-header-display":"","ast-hfb-below-header-display":"","ast-hfb-mobile-header-display":"","site-post-title":"","ast-breadcrumbs-content":"","ast-featured-img":"","footer-sml-layout":"","theme-transparent-header-meta":"","adv-header-id-meta":"","stick-header-meta":"","header-above-stick-meta":"","header-main-stick-meta":"","header-below-stick-meta":""},"categories":[770,769],"tags":[],"acf":[],"_links":{"self":[{"href":"https:\/\/www.cnbb.org.br\/cnbb-app\/wp\/v2\/posts\/22879"}],"collection":[{"href":"https:\/\/www.cnbb.org.br\/cnbb-app\/wp\/v2\/posts"}],"about":[{"href":"https:\/\/www.cnbb.org.br\/cnbb-app\/wp\/v2\/types\/post"}],"author":[{"embeddable":true,"href":"https:\/\/www.cnbb.org.br\/cnbb-app\/wp\/v2\/users\/83"}],"replies":[{"embeddable":true,"href":"https:\/\/www.cnbb.org.br\/cnbb-app\/wp\/v2\/comments?post=22879"}],"version-history":[{"count":0,"href":"https:\/\/www.cnbb.org.br\/cnbb-app\/wp\/v2\/posts\/22879\/revisions"}],"wp:featuredmedia":[{"embeddable":true,"href":"https:\/\/www.cnbb.org.br\/cnbb-app\/wp\/v2\/media\/22880"}],"wp:attachment":[{"href":"https:\/\/www.cnbb.org.br\/cnbb-app\/wp\/v2\/media?parent=22879"}],"wp:term":[{"taxonomy":"category","embeddable":true,"href":"https:\/\/www.cnbb.org.br\/cnbb-app\/wp\/v2\/categories?post=22879"},{"taxonomy":"post_tag","embeddable":true,"href":"https:\/\/www.cnbb.org.br\/cnbb-app\/wp\/v2\/tags?post=22879"}],"curies":[{"name":"wp","href":"https:\/\/api.w.org\/{rel}","templated":true}]}}