{"id":22893,"date":"2011-06-06T00:00:00","date_gmt":"2011-06-06T03:00:00","guid":{"rendered":"https:\/\/www.cnbb.org.br\/arquidiocese-de-maceio-sedia-o-encontro-regional-de-universidades-renovadas-do-nordeste\/"},"modified":"2011-06-06T00:00:00","modified_gmt":"2011-06-06T03:00:00","slug":"arquidiocese-de-maceio-sedia-o-encontro-regional-de-universidades-renovadas-do-nordeste","status":"publish","type":"post","link":"https:\/\/www.cnbb.org.br\/arquidiocese-de-maceio-sedia-o-encontro-regional-de-universidades-renovadas-do-nordeste\/","title":{"rendered":"Arquidiocese de Macei\u00f3 sedia o Encontro Regional de Universidades Renovadas do Nordeste"},"content":{"rendered":"<p style=\"text-align: justify\">Entre os dias 23 a 26 pr\u00f3ximos, a arquidiocese de Macei\u00f3 sediar\u00e1 o Encontro Regional de Universidades Renovadas do Nordeste, (ERUR \u2013 NE), com o tema \u201cPor causa de Tua palavra, lan\u00e7aremos as redes\u201d (Lc 5, 5) e o lema \u201cUniversit\u00e1rios e Profissionais: \u201cDesbravai novos campos\u201d. (cf. Jr 4, 3). O encontro \u00e9 promovido pelo Minist\u00e9rio Universidades Renovadas (MUR), da Renova\u00e7\u00e3o Carism\u00e1tica Cat\u00f3lica do Brasil, e \u201ctem por primeiro objetivo, congregar todas as express\u00f5es acad\u00eamicas e profissionais para um di\u00e1logo evangelizador-cient\u00edfico no \u00e2mago da f\u00e9 e raz\u00e3o\u201d, afirma o seminarista Luiz Ant\u00f4nio de A. Guimar\u00e3es, assessor de comunica\u00e7\u00e3o do ERUR \u2013 NE.<\/p>\n<p>  <!--more-->  <\/p>\n<p style=\"text-align: justify\">Esta edi\u00e7\u00e3o do ERUR ter\u00e1 como palco a Universidade Federal de Alagoas (UFAL), campus Macei\u00f3, constando na programa\u00e7\u00e3o missa, Adora\u00e7\u00e3o ao Sant\u00edssimo Sacramento, ora\u00e7\u00f5es, mesas tem\u00e1ticas, workshops, oficinas e uma noite cultural, tipicamente nordestina. Dentre os assuntos das mesas tem\u00e1ticas, oficinas e workshops ressaltem-se: \u201cViol\u00eancia contra a crian\u00e7a e a mulher\u201d; \u201cA problem\u00e1tica do uso de drogas para a sociedade\u201d; \u201cPromo\u00e7\u00e3o da cultura de paz\u201d, \u201cEvangeliza\u00e7\u00e3o nas redes sociais\u201d; \u201cO Sonho: Universidades Renovadas!\u201d; \u201cProfissionais do Reino: anunciando a Palavra de Deus no mundo do trabalho\u201d; GOU (Grupo de Ora\u00e7\u00e3o Universit\u00e1rio): lugar da gra\u00e7a!\u201de muito mais.<\/p>\n<p style=\"text-align: justify\">O arcebispo de Macei\u00f3, dom Ant\u00f4nio Muniz Fernandes, e os bispos de Penedo, dom Val\u00e9rio Breda; e de Palmeira dos \u00cdndios, dom Dulc\u00eanio Fontes de Matos, j\u00e1 confirmaram as suas presen\u00e7as. Al\u00e9m deles, o c\u00f4nego Walfran Fonseca, diretor espiritual do MUR-Alagoas; Fernando Galvani, precursor do MUR-Brasil; Felippe Nery, coordenador nacional do MUR-Brasil; Witamar Agostinho, coordenador regional do MUR-Nordeste; Jo\u00e3o Paulo Silva, coordenador do Grupo de Profissionais e Partilha do Nordeste; doutora Ana Dayse Rezende Dorea, reitora da UFAL; professor Gerson Odilon; professor Luiz Carlos Santos, dentre muitas outras lideran\u00e7as religiosas e profissionais, tamb\u00e9m prestigiar\u00e3o o evento.<\/p>\n<p style=\"text-align: justify\">A inscri\u00e7\u00e3o para o encontro custa R$ 50,00 at\u00e9 o dia 10, o que d\u00e1 direito \u00e0 participa\u00e7\u00e3o, hospedagem e alimenta\u00e7\u00e3o, e pode ser feita atrav\u00e9s do site do ERUR-NE. Para mais informa\u00e7\u00f5es, acessar:\u00a0 http: \/\/erur-ne2011.universidadesrenovadas.com ou (82) 3336-5454.<\/p>\n<p style=\"text-align: justify\">Aos participantes ser\u00e1 assegurado um certificado de 30h expedido pela Universidade Federal de Alagoas.<\/p>\n","protected":false},"excerpt":{"rendered":"<p>Entre os dias 23 a 26 pr\u00f3ximos, a arquidiocese de Macei\u00f3 sediar\u00e1 o Encontro Regional de Universidades Renovadas do Nordeste, (ERUR \u2013 NE), com o tema \u201cPor causa de Tua palavra, lan\u00e7aremos as redes\u201d (Lc 5, 5) e o lema \u201cUniversit\u00e1rios e Profissionais: \u201cDesbravai novos campos\u201d. (cf. Jr 4, 3). O encontro \u00e9 promovido pelo &hellip;<\/p>\n<p class=\"read-more\"> <a class=\"\" href=\"https:\/\/www.cnbb.org.br\/arquidiocese-de-maceio-sedia-o-encontro-regional-de-universidades-renovadas-do-nordeste\/\"> <span class=\"screen-reader-text\">Arquidiocese de Macei\u00f3 sedia o Encontro Regional de Universidades Renovadas do Nordeste<\/span> Leia mais &raquo;<\/a><\/p>\n","protected":false},"author":83,"featured_media":22894,"comment_status":"open","ping_status":"open","sticky":false,"template":"","format":"standard","meta":{"site-sidebar-layout":"default","site-content-layout":"default","ast-global-header-display":"","ast-banner-title-visibility":"","ast-main-header-display":"","ast-hfb-above-header-display":"","ast-hfb-below-header-display":"","ast-hfb-mobile-header-display":"","site-post-title":"","ast-breadcrumbs-content":"","ast-featured-img":"","footer-sml-layout":"","theme-transparent-header-meta":"","adv-header-id-meta":"","stick-header-meta":"","header-above-stick-meta":"","header-main-stick-meta":"","header-below-stick-meta":""},"categories":[770,769],"tags":[],"acf":[],"_links":{"self":[{"href":"https:\/\/www.cnbb.org.br\/cnbb-app\/wp\/v2\/posts\/22893"}],"collection":[{"href":"https:\/\/www.cnbb.org.br\/cnbb-app\/wp\/v2\/posts"}],"about":[{"href":"https:\/\/www.cnbb.org.br\/cnbb-app\/wp\/v2\/types\/post"}],"author":[{"embeddable":true,"href":"https:\/\/www.cnbb.org.br\/cnbb-app\/wp\/v2\/users\/83"}],"replies":[{"embeddable":true,"href":"https:\/\/www.cnbb.org.br\/cnbb-app\/wp\/v2\/comments?post=22893"}],"version-history":[{"count":0,"href":"https:\/\/www.cnbb.org.br\/cnbb-app\/wp\/v2\/posts\/22893\/revisions"}],"wp:featuredmedia":[{"embeddable":true,"href":"https:\/\/www.cnbb.org.br\/cnbb-app\/wp\/v2\/media\/22894"}],"wp:attachment":[{"href":"https:\/\/www.cnbb.org.br\/cnbb-app\/wp\/v2\/media?parent=22893"}],"wp:term":[{"taxonomy":"category","embeddable":true,"href":"https:\/\/www.cnbb.org.br\/cnbb-app\/wp\/v2\/categories?post=22893"},{"taxonomy":"post_tag","embeddable":true,"href":"https:\/\/www.cnbb.org.br\/cnbb-app\/wp\/v2\/tags?post=22893"}],"curies":[{"name":"wp","href":"https:\/\/api.w.org\/{rel}","templated":true}]}}