{"id":22907,"date":"2011-07-27T00:00:00","date_gmt":"2011-07-27T03:00:00","guid":{"rendered":"https:\/\/www.cnbb.org.br\/bento-xvi-anuncia-novas-nomeacoes-para-o-brasil\/"},"modified":"2011-07-27T00:00:00","modified_gmt":"2011-07-27T03:00:00","slug":"bento-xvi-anuncia-novas-nomeacoes-para-o-brasil","status":"publish","type":"post","link":"https:\/\/www.cnbb.org.br\/bento-xvi-anuncia-novas-nomeacoes-para-o-brasil\/","title":{"rendered":"Bento XVI anuncia novas nomea\u00e7\u00f5es para o Brasil"},"content":{"rendered":"<p style=\"text-align: justify\">O papa Bento XVI nomeou, nesta quarta-feira, 27, dom Manoel dos Reis de Farias novo bispo da diocese de Petrolina (PE), transferindo-o da diocese de Patos, na Para\u00edba. Ele sucede a dom Paulo Cardoso da Silva, 76, que teve seu pedido de ren\u00fancia aceito pelo papa, por limite de idade, conforme o C\u00e2non 401 \u00a7 1\u00ba do C\u00f3digo de Direito Can\u00f4nico.<\/p>\n<p><!--more--><\/p>\n<p style=\"text-align: justify\">Bento XVI nomeou tamb\u00e9m o monsenhor Gilson Andrade da Silva, 44, bispo auxiliar da arquidiocese de S\u00e3o Salvador, na Bahia.\u00a0 Ele \u00e9 reitor do Semin\u00e1rio Nossa Senhora do Amor Divino, da diocese de Petr\u00f3polis (RJ).<\/p>\n<p style=\"text-align: justify\"><strong>Dom Manoel<\/strong><br \/>\nO novo bispo de Petrolina, dom Manoel dos Reis de Farias, nasceu no dia 23 de abril de 1946, em Orob\u00f3 (PE). Foi ordenado padre em 6 de janeiro de 1983. Em agosto de 2001, foi nomeado bispo da diocese de Patos e recebeu a ordena\u00e7\u00e3o episcopal no dia 10 de novembro do mesmo ano. Tem especializa\u00e7\u00e3o em Direito Can\u00f4nico e seu lema episcopal \u00e9 \u201cServir na unidade\u201d.<\/p>\n<p style=\"text-align: justify\"><strong>Mons. Gilson<\/strong><br \/>\n<strong><img decoding=\"async\" loading=\"lazy\" class=\" alignright size-full wp-image-10947\" style=\"float: right\" title=\"Mons. Gilson ser\u00e1 ordenado bispo no dia 24 de setembro em Petr\u00f3polis\" src=\"https:\/\/www.cnbb.org.br\/wp-content\/uploads\/2020\/03\/Mons._Gilson_Andrade_da_Silva_-_foto_2.jpg\" alt=\"Mons._Gilson_Andrade_da_Silva_-_foto_2\" width=\"203\" height=\"266\" \/><\/strong>Nascido no Rio de Janeiro, no dia 11 de setembro de 1966, mons. Gilson foi ordenado padre em 4 de agosto de 1991. Cursou filosofia\u00a0 no Semin\u00e1rio Diocesano Nossa Senhora do Amor Divino, em Petr\u00f3polis, e teologia na Universidade de Navarra, na Espanha, tendo sido aluno do Col\u00e9gio Eclesi\u00e1stico Internacional Bidasoa (Pamplona, Espanha).<\/p>\n<p style=\"text-align: justify\">Com mestrado em teologia pela Pontif\u00edcia Universidade della Santa Croce, em Roma, mons. Gilson foi vice-reitor do Semin\u00e1rio Nossa Senhora do Divino Amor, de Petr\u00f3polis; vig\u00e1rio paroquial da par\u00f3quia Sant\u2019Ana e S\u00e3o Joaquim, em Petr\u00f3polis; professor no Semin\u00e1rio e na Universidade Cat\u00f3lica de Petr\u00f3polis; diretor do Instituto de Teologia, Filosofia e Ci\u00eancias Humanas da Universidade Cat\u00f3lica de Petr\u00f3polis.<\/p>\n<p style=\"text-align: justify\">Atualmente, mons. Gilson \u00e9 reitor do Semin\u00e1rio, membro do Conselho Pastoral Diocesano, do Col\u00e9gio de Consultores e da Equipe de Coordena\u00e7a\u00f5 Diocesana do Planto Pastoral de Conjunto e da Miss\u00e3o Popular, coordenador diocesano da Pastoral da Juventude e presidente da Associa\u00e7\u00e3o Mantenedora das Faculdades Cat\u00f3licas Petropolitanas (UCP).<\/p>\n<p style=\"text-align: justify\">Segundo a assessoria de comunica\u00e7\u00e3o da arquidiocese de Salvador, mons. Gilson ser\u00e1 ordenado bispo no dia 24 de setembro, \u00e0s 10h, na catedral de Petr\u00f3polis. Sua chegada a Salvador ser\u00e1 no dia 8 de outubro.<\/p>\n","protected":false},"excerpt":{"rendered":"<p>O papa Bento XVI nomeou, nesta quarta-feira, 27, dom Manoel dos Reis de Farias novo bispo da diocese de Petrolina (PE), transferindo-o da diocese de Patos, na Para\u00edba. Ele sucede a dom Paulo Cardoso da Silva, 76, que teve seu pedido de ren\u00fancia aceito pelo papa, por limite de idade, conforme o C\u00e2non 401 \u00a7 &hellip;<\/p>\n<p class=\"read-more\"> <a class=\"\" href=\"https:\/\/www.cnbb.org.br\/bento-xvi-anuncia-novas-nomeacoes-para-o-brasil\/\"> <span class=\"screen-reader-text\">Bento XVI anuncia novas nomea\u00e7\u00f5es para o Brasil<\/span> Leia mais &raquo;<\/a><\/p>\n","protected":false},"author":83,"featured_media":22908,"comment_status":"open","ping_status":"open","sticky":false,"template":"","format":"standard","meta":{"site-sidebar-layout":"default","site-content-layout":"default","ast-global-header-display":"","ast-banner-title-visibility":"","ast-main-header-display":"","ast-hfb-above-header-display":"","ast-hfb-below-header-display":"","ast-hfb-mobile-header-display":"","site-post-title":"","ast-breadcrumbs-content":"","ast-featured-img":"","footer-sml-layout":"","theme-transparent-header-meta":"","adv-header-id-meta":"","stick-header-meta":"","header-above-stick-meta":"","header-main-stick-meta":"","header-below-stick-meta":""},"categories":[770,769],"tags":[],"acf":[],"_links":{"self":[{"href":"https:\/\/www.cnbb.org.br\/cnbb-app\/wp\/v2\/posts\/22907"}],"collection":[{"href":"https:\/\/www.cnbb.org.br\/cnbb-app\/wp\/v2\/posts"}],"about":[{"href":"https:\/\/www.cnbb.org.br\/cnbb-app\/wp\/v2\/types\/post"}],"author":[{"embeddable":true,"href":"https:\/\/www.cnbb.org.br\/cnbb-app\/wp\/v2\/users\/83"}],"replies":[{"embeddable":true,"href":"https:\/\/www.cnbb.org.br\/cnbb-app\/wp\/v2\/comments?post=22907"}],"version-history":[{"count":0,"href":"https:\/\/www.cnbb.org.br\/cnbb-app\/wp\/v2\/posts\/22907\/revisions"}],"wp:featuredmedia":[{"embeddable":true,"href":"https:\/\/www.cnbb.org.br\/cnbb-app\/wp\/v2\/media\/22908"}],"wp:attachment":[{"href":"https:\/\/www.cnbb.org.br\/cnbb-app\/wp\/v2\/media?parent=22907"}],"wp:term":[{"taxonomy":"category","embeddable":true,"href":"https:\/\/www.cnbb.org.br\/cnbb-app\/wp\/v2\/categories?post=22907"},{"taxonomy":"post_tag","embeddable":true,"href":"https:\/\/www.cnbb.org.br\/cnbb-app\/wp\/v2\/tags?post=22907"}],"curies":[{"name":"wp","href":"https:\/\/api.w.org\/{rel}","templated":true}]}}