{"id":22924,"date":"2011-09-01T00:00:00","date_gmt":"2011-09-01T03:00:00","guid":{"rendered":"https:\/\/www.cnbb.org.br\/em-nota-arquidiocese-de-olinda-e-recife-lamenta-a-morte-de-dom-bruno-gamberini\/"},"modified":"2011-09-01T00:00:00","modified_gmt":"2011-09-01T03:00:00","slug":"em-nota-arquidiocese-de-olinda-e-recife-lamenta-a-morte-de-dom-bruno-gamberini","status":"publish","type":"post","link":"https:\/\/www.cnbb.org.br\/em-nota-arquidiocese-de-olinda-e-recife-lamenta-a-morte-de-dom-bruno-gamberini\/","title":{"rendered":"Em nota, arquidiocese de Olinda e Recife lamenta a morte de dom Bruno Gamberini"},"content":{"rendered":"<p style=\"text-align: justify\">A arquidiocese de Olinda e Recife (PE), por meio do seu arcebispo, dom Fernando Saburido, lamentou a morte do arcebispo de Campinas (SP), dom Bruno Gamberini, ocorrida no \u00faltimo dia 28 de agosto, em decorr\u00eancia de fal\u00eancia m\u00faltipla dos \u00f3rg\u00e3os.<\/p>\n<p><!--more--><\/p>\n<p style=\"text-align: justify\">Dom Fernando, na nota, afirma que a arquidiocese tinha consci\u00eancia e acompanhava o quadro de sa\u00fade de dom Bruno, mas a morte repentina foi uma surpresa. \u201cEmbora sabendo do quadro de sa\u00fade de S.E.R dom Bruno Gamberini, n\u00e3o esper\u00e1vamos que f\u00f4ssemos perd\u00ea-lo assim t\u00e3o de repente. Por isso, a not\u00edcia de sua morte nos consterna\u201d, diz um trecho do texto.<\/p>\n<p style=\"text-align: justify\">A nota toma ainda as palavras do Evangelho de S\u00e3o Jo\u00e3o, para dizer que a vida, acima de tudo, est\u00e1 em Jesus Cristo, mesmo ap\u00f3s a morte. \u201cEu sou a ressurrei\u00e7\u00e3o e a vida. Quem cr\u00ea em mim, ainda que esteja morto, viver\u00e1\u201d. A arquidiocese de Olinda e Recife conforta os fieis e toda a Igreja de Campinas afirmando que \u201co Senhor n\u00e3o deixar\u00e1 o seu rebanho sem pastor\u201d.<\/p>\n<p style=\"text-align: justify\"><strong>Leia nota abaixo:<\/strong><\/p>\n<p style=\"text-align: center\"><strong>\u00a0<\/strong><\/p>\n<p style=\"text-align: justify\">\n","protected":false},"excerpt":{"rendered":"<p>A arquidiocese de Olinda e Recife (PE), por meio do seu arcebispo, dom Fernando Saburido, lamentou a morte do arcebispo de Campinas (SP), dom Bruno Gamberini, ocorrida no \u00faltimo dia 28 de agosto, em decorr\u00eancia de fal\u00eancia m\u00faltipla dos \u00f3rg\u00e3os.<\/p>\n","protected":false},"author":83,"featured_media":22925,"comment_status":"open","ping_status":"open","sticky":false,"template":"","format":"standard","meta":{"site-sidebar-layout":"default","site-content-layout":"default","ast-global-header-display":"","ast-banner-title-visibility":"","ast-main-header-display":"","ast-hfb-above-header-display":"","ast-hfb-below-header-display":"","ast-hfb-mobile-header-display":"","site-post-title":"","ast-breadcrumbs-content":"","ast-featured-img":"","footer-sml-layout":"","theme-transparent-header-meta":"","adv-header-id-meta":"","stick-header-meta":"","header-above-stick-meta":"","header-main-stick-meta":"","header-below-stick-meta":""},"categories":[770,769],"tags":[],"acf":[],"_links":{"self":[{"href":"https:\/\/www.cnbb.org.br\/cnbb-app\/wp\/v2\/posts\/22924"}],"collection":[{"href":"https:\/\/www.cnbb.org.br\/cnbb-app\/wp\/v2\/posts"}],"about":[{"href":"https:\/\/www.cnbb.org.br\/cnbb-app\/wp\/v2\/types\/post"}],"author":[{"embeddable":true,"href":"https:\/\/www.cnbb.org.br\/cnbb-app\/wp\/v2\/users\/83"}],"replies":[{"embeddable":true,"href":"https:\/\/www.cnbb.org.br\/cnbb-app\/wp\/v2\/comments?post=22924"}],"version-history":[{"count":0,"href":"https:\/\/www.cnbb.org.br\/cnbb-app\/wp\/v2\/posts\/22924\/revisions"}],"wp:featuredmedia":[{"embeddable":true,"href":"https:\/\/www.cnbb.org.br\/cnbb-app\/wp\/v2\/media\/22925"}],"wp:attachment":[{"href":"https:\/\/www.cnbb.org.br\/cnbb-app\/wp\/v2\/media?parent=22924"}],"wp:term":[{"taxonomy":"category","embeddable":true,"href":"https:\/\/www.cnbb.org.br\/cnbb-app\/wp\/v2\/categories?post=22924"},{"taxonomy":"post_tag","embeddable":true,"href":"https:\/\/www.cnbb.org.br\/cnbb-app\/wp\/v2\/tags?post=22924"}],"curies":[{"name":"wp","href":"https:\/\/api.w.org\/{rel}","templated":true}]}}