{"id":22934,"date":"2011-09-26T00:00:00","date_gmt":"2011-09-26T03:00:00","guid":{"rendered":"https:\/\/www.cnbb.org.br\/diocese-de-barra-do-piraivolta-redonda-e-premiada-por-defender-o-rio-paraiba\/"},"modified":"2011-09-26T00:00:00","modified_gmt":"2011-09-26T03:00:00","slug":"diocese-de-barra-do-piraivolta-redonda-e-premiada-por-defender-o-rio-paraiba","status":"publish","type":"post","link":"https:\/\/www.cnbb.org.br\/diocese-de-barra-do-piraivolta-redonda-e-premiada-por-defender-o-rio-paraiba\/","title":{"rendered":"Diocese de Barra do Pira\u00ed\/Volta Redonda \u00e9 premiada por defender o Rio Para\u00edba"},"content":{"rendered":"<p style=\"text-align: justify\">O Conselho Regional de Engenharia, Arquitetura e Agronomia do Rio de Janeiro (CREA\/RJ), premiou no dia 21, na sede da entidade, em Volta Redonda (RJ), a diocese de Barra do Pira\u00ed\/Volta Redonda, por defender o Rio Para\u00edba e seus afluentes. O bispo em\u00e9rito diocesano, dom Jo\u00e3o Maria Messi, acompanhado de membros da comiss\u00e3o receberam o pr\u00eamio. Foi \u00e0 d\u00e9cima edi\u00e7\u00e3o da premia\u00e7\u00e3o, que reconhece a\u00e7\u00f5es e projetos na luta pela preserva\u00e7\u00e3o, defesa e conserva\u00e7\u00e3o do meio ambiente.<\/p>\n<p><!--more--><\/p>\n<p style=\"text-align: justify\">\u201cEsse m\u00e9rito n\u00e3o \u00e9 s\u00f3 nosso, mas uma atitude construtiva de um grupo corajoso que viu a necessidade de cuidar daquilo que o Senhor construiu para todos n\u00f3s, que \u00e9 o planeta Terra, e seus benef\u00edcios da natureza. Tomar \u00e1gua boa e limpa \u00e9 um direito de todos n\u00f3s, mas para garantir esta qualidade \u00e9 necess\u00e1rio a participa\u00e7\u00e3o integral e m\u00fatua, cobrando das autoridades e apoio da popula\u00e7\u00e3o para que n\u00e3o poluam os rios e o rio Para\u00edba do Sul que \u00e9 nosso\u201d, declarou dom Jo\u00e3o Maria Messi.<\/p>\n<p style=\"text-align: justify\">\u201cNosso maior objetivo \u00e9 construir um projeto com ampla participa\u00e7\u00e3o das escolas, estudantes que vem fazendo pesquisas e an\u00e1lise da qualidade da \u00e1gua do Rio Brand\u00e3o, um dos afluentes do Rio Para\u00edba que nasce em Rio Claro (RJ) e passa por Volta Redonda. Procuramos informar a popula\u00e7\u00e3o e convid\u00e1-la a participar das plen\u00e1rias abertas sobre o assunto em encontro mensal, na c\u00faria diocesana\u201d, explicou o engenheiro e integrante da Comiss\u00e3o Ambiental Sul, Jo\u00e3o Thomaz.<\/p>\n<p style=\"text-align: justify\"><img decoding=\"async\" loading=\"lazy\" class=\" alignleft size-full wp-image-11918\" style=\"float: left\" src=\"https:\/\/www.cnbb.org.br\/wp-content\/uploads\/2020\/03\/Premio_Crea_a_Comissao_Ambiental_052.jpg\" alt=\"Premio_Crea_a_Comissao_Ambiental_052\" width=\"555\" height=\"279\" \/>Ainda foram premiados na sequ\u00eancia, o ge\u00f3grafo Jos\u00e9 Carlos Magalh\u00e3es Castro (Post Mortem); recebendo os m\u00e9ritos a esposa, Ana Maria Castro, que destacou a trajet\u00f3ria do esposo na defesa do meio ambiente como prioridade em sua vida.<\/p>\n<p style=\"text-align: justify\">O engenheiro eletricista J\u00falio Domingos Nunes Fortes, agradeceu por sua indica\u00e7\u00e3o, elogiando a Comiss\u00e3o Ambiental Sul pela forma de organiza\u00e7\u00e3o em equipe, como exemplo para todos que desejam um mundo melhor e uma sociedade plural e participativa. \u201cFa\u00e7o tudo pelos outros em minha vida e descobri isto sendo professor. Obrigado Comiss\u00e3o Ambiental pela bel\u00edssima forma com que trabalham nos ensinando a sermos mais preocupados com o meio ambiente\u201d, elogiou J\u00falio.<\/p>\n<p style=\"text-align: justify\">A cientista Maria do Carmo de Ara\u00fajo Fernandes foi premiada por suas pesquisas no controle do uso de agrot\u00f3xicos e fertilizantes. \u201cDesde 2008 o Brasil \u00e9 l\u00edder no uso de agrot\u00f3xicos, meu trabalho \u00e9 uma op\u00e7\u00e3o de vida que jamais vou parar de defender o ser humano\u201d, disse Maria do Carmo.<\/p>\n","protected":false},"excerpt":{"rendered":"<p>O Conselho Regional de Engenharia, Arquitetura e Agronomia do Rio de Janeiro (CREA\/RJ), premiou no dia 21, na sede da entidade, em Volta Redonda (RJ), a diocese de Barra do Pira\u00ed\/Volta Redonda, por defender o Rio Para\u00edba e seus afluentes. O bispo em\u00e9rito diocesano, dom Jo\u00e3o Maria Messi, acompanhado de membros da comiss\u00e3o receberam o &hellip;<\/p>\n<p class=\"read-more\"> <a class=\"\" href=\"https:\/\/www.cnbb.org.br\/diocese-de-barra-do-piraivolta-redonda-e-premiada-por-defender-o-rio-paraiba\/\"> <span class=\"screen-reader-text\">Diocese de Barra do Pira\u00ed\/Volta Redonda \u00e9 premiada por defender o Rio Para\u00edba<\/span> Leia mais &raquo;<\/a><\/p>\n","protected":false},"author":83,"featured_media":22935,"comment_status":"open","ping_status":"open","sticky":false,"template":"","format":"standard","meta":{"site-sidebar-layout":"default","site-content-layout":"default","ast-global-header-display":"","ast-banner-title-visibility":"","ast-main-header-display":"","ast-hfb-above-header-display":"","ast-hfb-below-header-display":"","ast-hfb-mobile-header-display":"","site-post-title":"","ast-breadcrumbs-content":"","ast-featured-img":"","footer-sml-layout":"","theme-transparent-header-meta":"","adv-header-id-meta":"","stick-header-meta":"","header-above-stick-meta":"","header-main-stick-meta":"","header-below-stick-meta":""},"categories":[787,769],"tags":[],"acf":[],"_links":{"self":[{"href":"https:\/\/www.cnbb.org.br\/cnbb-app\/wp\/v2\/posts\/22934"}],"collection":[{"href":"https:\/\/www.cnbb.org.br\/cnbb-app\/wp\/v2\/posts"}],"about":[{"href":"https:\/\/www.cnbb.org.br\/cnbb-app\/wp\/v2\/types\/post"}],"author":[{"embeddable":true,"href":"https:\/\/www.cnbb.org.br\/cnbb-app\/wp\/v2\/users\/83"}],"replies":[{"embeddable":true,"href":"https:\/\/www.cnbb.org.br\/cnbb-app\/wp\/v2\/comments?post=22934"}],"version-history":[{"count":0,"href":"https:\/\/www.cnbb.org.br\/cnbb-app\/wp\/v2\/posts\/22934\/revisions"}],"wp:featuredmedia":[{"embeddable":true,"href":"https:\/\/www.cnbb.org.br\/cnbb-app\/wp\/v2\/media\/22935"}],"wp:attachment":[{"href":"https:\/\/www.cnbb.org.br\/cnbb-app\/wp\/v2\/media?parent=22934"}],"wp:term":[{"taxonomy":"category","embeddable":true,"href":"https:\/\/www.cnbb.org.br\/cnbb-app\/wp\/v2\/categories?post=22934"},{"taxonomy":"post_tag","embeddable":true,"href":"https:\/\/www.cnbb.org.br\/cnbb-app\/wp\/v2\/tags?post=22934"}],"curies":[{"name":"wp","href":"https:\/\/api.w.org\/{rel}","templated":true}]}}