{"id":22937,"date":"2011-10-08T00:00:00","date_gmt":"2011-10-08T03:00:00","guid":{"rendered":"https:\/\/www.cnbb.org.br\/posse-do-novo-bispo-de-petrolina-pernambuco\/"},"modified":"2011-10-08T00:00:00","modified_gmt":"2011-10-08T03:00:00","slug":"posse-do-novo-bispo-de-petrolina-pernambuco","status":"publish","type":"post","link":"https:\/\/www.cnbb.org.br\/posse-do-novo-bispo-de-petrolina-pernambuco\/","title":{"rendered":"Posse do novo bispo de Petrolina, Pernambuco"},"content":{"rendered":"<p style=\"text-align: justify\">Toma posse neste s\u00e1bado, 8 de outubro, o novo bispo Petrolina, Pernambuco, Dom Manuel dos Reis de Farias. O bispo chegar\u00e1 \u00e0 cidade \u00e0s 17h30 e ser\u00e1 conduzido em carro aberto at\u00e9 a Catedral de Petrolina onde ser\u00e1 recebido por bispos, padres, religiosos e pelos fi\u00e9is. Na igreja, dom Manoel receber\u00e1 das m\u00e3os do arcebispo de Olinda e Recife, dom Ant\u00f4nio Fernando Saburido, o governo da diocese.<\/p>\n<p><!--more--><\/p>\n<p style=\"text-align: justify\">O s\u00e9timo bispo diocesano, D. Manoel\u00a0 dos Reis de Farias nasceu em Serra Verde, munic\u00edpio de Orob\u00f3, Pernambuco, em 23 de abril de 1946. Seus pais eram\u00a0 Severino Francisco Alves\u00a0 e Josefa, esta falecida quando ele era ainda crian\u00e7a. Vi\u00favo,\u00a0 o pai contraiu um novo matrim\u00f4nio e ent\u00e3o confiou os tr\u00eas filhos a av\u00f3 Dona Benvenuta. Manoel cresceu seguindo a profiss\u00e3o dos pais, agricultor. Na escola logo ganhou destaque entre os colegas. Aos 12 anos sentiu-se animado a abra\u00e7ar a voca\u00e7\u00e3o sacerdotal, sob o incentivo da professora de religi\u00e3o, Judite, e por um sobrinho da mesma. Um momento determinante na sua hist\u00f3ria vocacional foi o convite realizado por um padre, atrav\u00e9s de um programa de r\u00e1dio, ao sacerd\u00f3cio. No programa radiof\u00f4nico o padre falava sobre a escassez de oper\u00e1rios para a Messe do Senhor.<\/p>\n<p style=\"text-align: justify\">O jovem, Manoel, cursou o primeiro e segundo graus no Col\u00e9gio Pio XII dos Irm\u00e3os Maristas, em Surubim, Pernambuco e aos 17 anos, tinha claro no cora\u00e7\u00e3o o chamado por Deus ao sacerd\u00f3cio e logo entrou no semin\u00e1rio. Os estudos filos\u00f3ficos aconteceram no Instituto Estrela Mission\u00e1ria em Nova Igua\u00e7u, Rio de Janeiro, e os teol\u00f3gicos na Escola Teol\u00f3gica do Mosteiro de S\u00e3o Bento em Olinda, Pernambuco. Sua ordena\u00e7\u00e3o diaconal aconteceu em 06 de janeiro de 1982 e, exatamente um ano depois,\u00a0 recebeu o presbiterato em Nazar\u00e9 da Mata, Pernambuco. \u00c9 tamb\u00e9m formado em Direito Can\u00f4nico, pelo Instituto Superior do Rio de Janeiro, institui\u00e7\u00e3o filiada \u00e0 Pontif\u00edcia Universidade Gregoriana de Roma. Grande parte de sua hist\u00f3ria de servi\u00e7os \u00e0 Igreja aconteceu em Pernambuco, pois exerceu os cargos de: reitor da Casa de Forma\u00e7\u00e3o dos Seminaristas da Diocese de Nazar\u00e9 (1985-1986), Vice-Reitor do Semin\u00e1rio Arquidiocesano de Olinda e Recife (1987), p\u00e1roco de S\u00e3o Sebasti\u00e3o, em Machados (1988-1990), P\u00e1roco do Divino Esp\u00edrito Santo em Paudalho, Diretor Espiritual dos seminaristas maiores da Diocese de Nazar\u00e9 (1990 at\u00e9 novembro de 2001) e de membro do Conselho Presbiteral e do Col\u00e9gio de Consultores da Diocese de Nazar\u00e9. Em 08 de agosto de 2001 o Papa Jo\u00e3o Paulo II convocou-o para o episcopado, nomeando-o bispo de Patos, na Para\u00edba. L\u00e1 ele substituiu o bispo D. Gerardo Andrade Ponte, que fora o quinto bispo de Petrolina.<\/p>\n<p style=\"text-align: justify\">A sagra\u00e7\u00e3o episcopal de D. Manoel aconteceu na catedral de Nazar\u00e9 da Mata aos 10 de novembro de 2001 e foi presidida por D. Jorge Tobias de Freitas. A posse do governo da Diocese de Patos ocorreu no est\u00e1dio Municipal Jos\u00e9 Cavalcante em primeiro de dezembro de 2001. Em solenidade grandiosa D. Manoel recebeu o governo da diocese de D. Gerardo Andrade Ponte.<\/p>\n<p style=\"text-align: justify\">Em Patos, D. Manoel, conquistou o povo paraibano com o seu jeito simples e amigo de ser. Diariamente entra em contacto com os diocesanos atrav\u00e9s do programa Palavra de F\u00e9, transmitido pela r\u00e1dio Espinhara (AM e FM), esta \u00faltima conquistada durante o seu episcopado. Preocupado com o alto consumo de drogas, por jovens da regi\u00e3o diocesana, incentivou a instala\u00e7\u00e3o de uma Fazenda da Esperan\u00e7a no territ\u00f3rio de sua diocese. Para isto contou com o apoio do governo paraibano e dos fundadores da institui\u00e7\u00e3o: Frei Hans Stapel e Nelson Rosendo.<\/p>\n<p style=\"text-align: justify\">D. Manoel tamb\u00e9m investiu na forma\u00e7\u00e3o dos sacerdotes, tendo ordenado mais de quinze jovens, durante o seu episcopado. O aumento do n\u00famero de padres possibilitou a cria\u00e7\u00e3o de mais de 15 par\u00f3quias. Al\u00e9m de padres, o bispo ordenou tamb\u00e9m di\u00e1conos permanentes. Em 18 de maio de 2003 Dom Manoel aben\u00e7oou a pedra fundamental do Santu\u00e1rio de N. Sra. do Perp\u00e9tuo Socorro em Patos. O empreendimento \u00e9 uma iniciativa do Pe. Jair Jac\u00f3 Tomasella e pretende ser o maior santu\u00e1rio do Nordeste. Tantas outras realiza\u00e7\u00f5es marcaram a presen\u00e7a de D. Manoel em Patos. Em 2009 presidiu as celebra\u00e7\u00f5es do cinq\u00fcenten\u00e1rio da Diocese. Dez anos ap\u00f3s a nomea\u00e7\u00e3o episcopal, o Senhor chama D. Manoel a uma nova miss\u00e3o, ser bispo da feliz Petrolina.<\/p>\n","protected":false},"excerpt":{"rendered":"<p>Toma posse neste s\u00e1bado, 8 de outubro, o novo bispo Petrolina, Pernambuco, Dom Manuel dos Reis de Farias. O bispo chegar\u00e1 \u00e0 cidade \u00e0s 17h30 e ser\u00e1 conduzido em carro aberto at\u00e9 a Catedral de Petrolina onde ser\u00e1 recebido por bispos, padres, religiosos e pelos fi\u00e9is. Na igreja, dom Manoel receber\u00e1 das m\u00e3os do arcebispo &hellip;<\/p>\n<p class=\"read-more\"> <a class=\"\" href=\"https:\/\/www.cnbb.org.br\/posse-do-novo-bispo-de-petrolina-pernambuco\/\"> <span class=\"screen-reader-text\">Posse do novo bispo de Petrolina, Pernambuco<\/span> Leia mais &raquo;<\/a><\/p>\n","protected":false},"author":83,"featured_media":22938,"comment_status":"open","ping_status":"open","sticky":false,"template":"","format":"standard","meta":{"site-sidebar-layout":"default","site-content-layout":"default","ast-global-header-display":"","ast-banner-title-visibility":"","ast-main-header-display":"","ast-hfb-above-header-display":"","ast-hfb-below-header-display":"","ast-hfb-mobile-header-display":"","site-post-title":"","ast-breadcrumbs-content":"","ast-featured-img":"","footer-sml-layout":"","theme-transparent-header-meta":"","adv-header-id-meta":"","stick-header-meta":"","header-above-stick-meta":"","header-main-stick-meta":"","header-below-stick-meta":""},"categories":[770,769],"tags":[],"acf":[],"_links":{"self":[{"href":"https:\/\/www.cnbb.org.br\/cnbb-app\/wp\/v2\/posts\/22937"}],"collection":[{"href":"https:\/\/www.cnbb.org.br\/cnbb-app\/wp\/v2\/posts"}],"about":[{"href":"https:\/\/www.cnbb.org.br\/cnbb-app\/wp\/v2\/types\/post"}],"author":[{"embeddable":true,"href":"https:\/\/www.cnbb.org.br\/cnbb-app\/wp\/v2\/users\/83"}],"replies":[{"embeddable":true,"href":"https:\/\/www.cnbb.org.br\/cnbb-app\/wp\/v2\/comments?post=22937"}],"version-history":[{"count":0,"href":"https:\/\/www.cnbb.org.br\/cnbb-app\/wp\/v2\/posts\/22937\/revisions"}],"wp:featuredmedia":[{"embeddable":true,"href":"https:\/\/www.cnbb.org.br\/cnbb-app\/wp\/v2\/media\/22938"}],"wp:attachment":[{"href":"https:\/\/www.cnbb.org.br\/cnbb-app\/wp\/v2\/media?parent=22937"}],"wp:term":[{"taxonomy":"category","embeddable":true,"href":"https:\/\/www.cnbb.org.br\/cnbb-app\/wp\/v2\/categories?post=22937"},{"taxonomy":"post_tag","embeddable":true,"href":"https:\/\/www.cnbb.org.br\/cnbb-app\/wp\/v2\/tags?post=22937"}],"curies":[{"name":"wp","href":"https:\/\/api.w.org\/{rel}","templated":true}]}}