{"id":22943,"date":"2011-10-21T00:00:00","date_gmt":"2011-10-21T02:00:00","guid":{"rendered":"https:\/\/www.cnbb.org.br\/regional-nordeste-2-debate-a-implantacao-de-projetos-na-area-de-liturgia\/"},"modified":"2011-10-21T00:00:00","modified_gmt":"2011-10-21T02:00:00","slug":"regional-nordeste-2-debate-a-implantacao-de-projetos-na-area-de-liturgia","status":"publish","type":"post","link":"https:\/\/www.cnbb.org.br\/regional-nordeste-2-debate-a-implantacao-de-projetos-na-area-de-liturgia\/","title":{"rendered":"Regional Nordeste 2 debate a implanta\u00e7\u00e3o de projetos na \u00e1rea de Liturgia"},"content":{"rendered":"<p style=\"text-align: justify\">Representantes do Regional Nordeste 2 da CNBB (Alagoas, Para\u00edba, Pernambuco e Rio Grande do Norte), juntamente com o assessor da Comiss\u00e3o Episcopal Pastoral para a Liturgia, da CNBB, padre Hernaldo Pinto Farias, est\u00e3o reunido hoje, 21, no Recife (PE),\u00a0 debatendo a realidade do Regional para implanta\u00e7\u00e3o futura dos projetos na \u00e1rea de Liturgia, que tem como base \u00e0s Diretrizes Gerais da A\u00e7\u00e3o Evangelizadora da Igreja no Brasil (DGAE).<\/p>\n<p>  <!--more-->  <\/p>\n<p style=\"text-align: justify\">Al\u00e9m do assessor da CNBB, est\u00e3o presentes representantes das (arqui)dioceses de Olinda e Recife (PE), Palmares (PE), Afogados da Ingazeira (PE), Campina Grande (PB), Caruaru (PE), Mossor\u00f3 (RN), al\u00e9m do bispo de Afogados da Ingazeira, dom Eg\u00eddio Bisol.<\/p>\n<p style=\"text-align: justify\">Ap\u00f3s o momento de apresenta\u00e7\u00e3o dos projetos nacionais, feito pelo assessor da Comiss\u00e3o para a Liturgia, padre Hernaldo, o bispo de Afogados da Ingazeira, dom Eg\u00eddio procurou, a partir dos presentes, compor a equipe do Regional para o pr\u00f3ximo quadri\u00eanio.<\/p>\n<p style=\"text-align: justify\">\u201cFoi muito importante estar com o bispo referencial e os representantes das dioceses dos Regionais. O conhecimento da realidade local possibilita uma melhor inser\u00e7\u00e3o nossa, para uma assessoria mais direcionada \u00e0s necessidades do pr\u00f3prio Regional\u201d, destacou padre Hernaldo, que completou dizendo: \u201cA partilha dos projetos nacionais da Comiss\u00e3o foi uma oportunidade de, n\u00e3o s\u00f3 dar a conhecer o que se pretende fazer, mas tamb\u00e9m, acolher sugest\u00f5es dos presentes. Al\u00e9m disso, esses projetos iluminaram a escolha das prioridades do Regional no campo lit\u00fargico\u201d, destacou.<\/p>\n","protected":false},"excerpt":{"rendered":"<p>Representantes do Regional Nordeste 2 da CNBB (Alagoas, Para\u00edba, Pernambuco e Rio Grande do Norte), juntamente com o assessor da Comiss\u00e3o Episcopal Pastoral para a Liturgia, da CNBB, padre Hernaldo Pinto Farias, est\u00e3o reunido hoje, 21, no Recife (PE),\u00a0 debatendo a realidade do Regional para implanta\u00e7\u00e3o futura dos projetos na \u00e1rea de Liturgia, que tem &hellip;<\/p>\n<p class=\"read-more\"> <a class=\"\" href=\"https:\/\/www.cnbb.org.br\/regional-nordeste-2-debate-a-implantacao-de-projetos-na-area-de-liturgia\/\"> <span class=\"screen-reader-text\">Regional Nordeste 2 debate a implanta\u00e7\u00e3o de projetos na \u00e1rea de Liturgia<\/span> Leia mais &raquo;<\/a><\/p>\n","protected":false},"author":83,"featured_media":22944,"comment_status":"open","ping_status":"open","sticky":false,"template":"","format":"standard","meta":{"site-sidebar-layout":"default","site-content-layout":"default","ast-global-header-display":"","ast-banner-title-visibility":"","ast-main-header-display":"","ast-hfb-above-header-display":"","ast-hfb-below-header-display":"","ast-hfb-mobile-header-display":"","site-post-title":"","ast-breadcrumbs-content":"","ast-featured-img":"","footer-sml-layout":"","theme-transparent-header-meta":"","adv-header-id-meta":"","stick-header-meta":"","header-above-stick-meta":"","header-main-stick-meta":"","header-below-stick-meta":""},"categories":[770,769],"tags":[],"acf":[],"_links":{"self":[{"href":"https:\/\/www.cnbb.org.br\/cnbb-app\/wp\/v2\/posts\/22943"}],"collection":[{"href":"https:\/\/www.cnbb.org.br\/cnbb-app\/wp\/v2\/posts"}],"about":[{"href":"https:\/\/www.cnbb.org.br\/cnbb-app\/wp\/v2\/types\/post"}],"author":[{"embeddable":true,"href":"https:\/\/www.cnbb.org.br\/cnbb-app\/wp\/v2\/users\/83"}],"replies":[{"embeddable":true,"href":"https:\/\/www.cnbb.org.br\/cnbb-app\/wp\/v2\/comments?post=22943"}],"version-history":[{"count":0,"href":"https:\/\/www.cnbb.org.br\/cnbb-app\/wp\/v2\/posts\/22943\/revisions"}],"wp:featuredmedia":[{"embeddable":true,"href":"https:\/\/www.cnbb.org.br\/cnbb-app\/wp\/v2\/media\/22944"}],"wp:attachment":[{"href":"https:\/\/www.cnbb.org.br\/cnbb-app\/wp\/v2\/media?parent=22943"}],"wp:term":[{"taxonomy":"category","embeddable":true,"href":"https:\/\/www.cnbb.org.br\/cnbb-app\/wp\/v2\/categories?post=22943"},{"taxonomy":"post_tag","embeddable":true,"href":"https:\/\/www.cnbb.org.br\/cnbb-app\/wp\/v2\/tags?post=22943"}],"curies":[{"name":"wp","href":"https:\/\/api.w.org\/{rel}","templated":true}]}}