{"id":22958,"date":"2011-11-23T00:00:00","date_gmt":"2011-11-23T02:00:00","guid":{"rendered":"https:\/\/www.cnbb.org.br\/diocese-de-sao-mateus-protesta-contra-o-texto-do-novo-codigo-florestal\/"},"modified":"2011-11-23T00:00:00","modified_gmt":"2011-11-23T02:00:00","slug":"diocese-de-sao-mateus-protesta-contra-o-texto-do-novo-codigo-florestal","status":"publish","type":"post","link":"https:\/\/www.cnbb.org.br\/diocese-de-sao-mateus-protesta-contra-o-texto-do-novo-codigo-florestal\/","title":{"rendered":"Diocese de S\u00e3o Mateus entrega abaixo-assinado ao Senado contra a altera\u00e7\u00e3o do C\u00f3digo Florestal"},"content":{"rendered":"<p style=\"text-align: justify\">No dia 21 de novembro foi realizado no Audit\u00f3rio Manuel Vereza, CCJE UFES \u2013 Campus Vit\u00f3ria, um semin\u00e1rio para debater a \u201cReforma do C\u00f3digo Florestal\u201d. Mediado pelo professor do Departamento de Geografica, Paulo Scarin, o evento teve como debatedores: Celso Andreon (assessor da Senadora Ana Rita Esg\u00e1rio), N\u00edcia Regina Sampaio (Minist\u00e9rio P\u00fablico Estadual), Valmir Noventa (coordenador estadual do Movimento dos Pequenos Agricultores), frei Joseumar Miranda da Silva (Membro representante da Igreja e da Comiss\u00e3o Pastoral da Terra).<\/p>\n<p><!--more--><\/p>\n<p style=\"text-align: justify\">Ap\u00f3s as falas dos membros da mesa e do debate com o p\u00fablico presente, frei Miranda leu a Nota da CNBB sobre o C\u00f3digo Florestal em que afirma que \u201cNo Novo C\u00f3digo Florestal n\u00e3o pode faltar o equil\u00edbrio entre a justi\u00e7a social, economia e ecologia, como uma forma de garantir e proteger as comunidades ind\u00edgenas e quilombolas e defender as pequenas propriedades e a agricultura familiar&#8221;.<\/p>\n<p style=\"text-align: justify\">A nota tamb\u00e9m traz uma convoca\u00e7\u00e3o a todas as par\u00f3quias a participarem desse processo e mobilizarem as for\u00e7as sociais e promover abaixo-assinado contra a devasta\u00e7\u00e3o das florestas.<\/p>\n<p style=\"text-align: justify\">Aproveitando o evento, a diocese de S\u00e3o Mateus, num gesto concreto, entregou ao assessor da senadora Ana Rita as fichas do abaixo-assinado, realizado por ela, contendo 9.168 assinaturas.<\/p>\n","protected":false},"excerpt":{"rendered":"<p>No dia 21 de novembro foi realizado no Audit\u00f3rio Manuel Vereza, CCJE UFES \u2013 Campus Vit\u00f3ria, um semin\u00e1rio para debater a \u201cReforma do C\u00f3digo Florestal\u201d. Mediado pelo professor do Departamento de Geografica, Paulo Scarin, o evento teve como debatedores: Celso Andreon (assessor da Senadora Ana Rita Esg\u00e1rio), N\u00edcia Regina Sampaio (Minist\u00e9rio P\u00fablico Estadual), Valmir Noventa &hellip;<\/p>\n<p class=\"read-more\"> <a class=\"\" href=\"https:\/\/www.cnbb.org.br\/diocese-de-sao-mateus-protesta-contra-o-texto-do-novo-codigo-florestal\/\"> <span class=\"screen-reader-text\">Diocese de S\u00e3o Mateus entrega abaixo-assinado ao Senado contra a altera\u00e7\u00e3o do C\u00f3digo Florestal<\/span> Leia mais &raquo;<\/a><\/p>\n","protected":false},"author":83,"featured_media":22959,"comment_status":"open","ping_status":"open","sticky":false,"template":"","format":"standard","meta":{"site-sidebar-layout":"default","site-content-layout":"default","ast-global-header-display":"","ast-banner-title-visibility":"","ast-main-header-display":"","ast-hfb-above-header-display":"","ast-hfb-below-header-display":"","ast-hfb-mobile-header-display":"","site-post-title":"","ast-breadcrumbs-content":"","ast-featured-img":"","footer-sml-layout":"","theme-transparent-header-meta":"","adv-header-id-meta":"","stick-header-meta":"","header-above-stick-meta":"","header-main-stick-meta":"","header-below-stick-meta":""},"categories":[770,769],"tags":[],"acf":[],"_links":{"self":[{"href":"https:\/\/www.cnbb.org.br\/cnbb-app\/wp\/v2\/posts\/22958"}],"collection":[{"href":"https:\/\/www.cnbb.org.br\/cnbb-app\/wp\/v2\/posts"}],"about":[{"href":"https:\/\/www.cnbb.org.br\/cnbb-app\/wp\/v2\/types\/post"}],"author":[{"embeddable":true,"href":"https:\/\/www.cnbb.org.br\/cnbb-app\/wp\/v2\/users\/83"}],"replies":[{"embeddable":true,"href":"https:\/\/www.cnbb.org.br\/cnbb-app\/wp\/v2\/comments?post=22958"}],"version-history":[{"count":0,"href":"https:\/\/www.cnbb.org.br\/cnbb-app\/wp\/v2\/posts\/22958\/revisions"}],"wp:featuredmedia":[{"embeddable":true,"href":"https:\/\/www.cnbb.org.br\/cnbb-app\/wp\/v2\/media\/22959"}],"wp:attachment":[{"href":"https:\/\/www.cnbb.org.br\/cnbb-app\/wp\/v2\/media?parent=22958"}],"wp:term":[{"taxonomy":"category","embeddable":true,"href":"https:\/\/www.cnbb.org.br\/cnbb-app\/wp\/v2\/categories?post=22958"},{"taxonomy":"post_tag","embeddable":true,"href":"https:\/\/www.cnbb.org.br\/cnbb-app\/wp\/v2\/tags?post=22958"}],"curies":[{"name":"wp","href":"https:\/\/api.w.org\/{rel}","templated":true}]}}