{"id":22972,"date":"2012-07-06T00:00:00","date_gmt":"2012-07-06T03:00:00","guid":{"rendered":"https:\/\/www.cnbb.org.br\/arquidiocese-de-maceio-acolhe-seminaristas-para-o-retiro-nordestao-2012-1\/"},"modified":"2012-07-06T00:00:00","modified_gmt":"2012-07-06T03:00:00","slug":"arquidiocese-de-maceio-acolhe-seminaristas-para-o-retiro-nordestao-2012-1","status":"publish","type":"post","link":"https:\/\/www.cnbb.org.br\/arquidiocese-de-maceio-acolhe-seminaristas-para-o-retiro-nordestao-2012-1\/","title":{"rendered":"Arquidiocese de Macei\u00f3 acolhe seminaristas para o Retiro Nordest\u00e3o 2012"},"content":{"rendered":"<div style=\"text-align: justify\"><\/div>\n<div style=\"text-align: justify\"><\/div>\n<div style=\"text-align: justify\">A Arquidiocese de Macei\u00f3 vai sediar o Retiro dos Seminaristas \u2013 Nordest\u00e3o 2012, conhecido como Renasem Nordest\u00e3o, de 17 a 21 de julho no Semin\u00e1rio Arquidiocesano Nossa Senhora da Assun\u00e7\u00e3o, em Macei\u00f3 (AL).<\/div>\n<p><!--more--><\/p>\n<div style=\"text-align: justify\">\n<p>O Renasem Nordest\u00e3o \u00e9 promovido todos os anos nas f\u00e9rias de julho pela Renova\u00e7\u00e3o Carism\u00e1tica Cat\u00f3lica (RCC) atrav\u00e9s do Minist\u00e9rio para Seminaristas, com o objetivo fomentar nos seminaristas diocesanos e religiosos \u2013 provenientes dos v\u00e1rios Grupos de Ora\u00e7\u00e3o e das novas Comunidades \u2013 a espiritualidade que despertou suas voca\u00e7\u00f5es conforme instru\u00e7\u00e3o da Exorta\u00e7\u00e3o Apost\u00f3lica P\u00f3s-Sinodal Pastores Dabo Vobis, no n\u00famero 68.<\/p>\n<p>Para o seminarista Luiz Ant\u00f4nio de Ara\u00fajo Guimar\u00e3es, coordenador geral do evento, \u201ca tem\u00e1tica seguir\u00e1 a din\u00e2mica do pastoreio, com o tema: \u2018Apascenta as minhas ovelhas\u2019 (Jo 21,16) e o lema \u2018Onde apascentas e leva-me a descansar, \u00f3 Amado de minha alma?\u2019 (cf. Ct 1,7)\u201d. Entre os pregadores est\u00e1 o padre Thiago Henrique Soares, reitor do Semin\u00e1rio S\u00e3o Jo\u00e3o Maria Vianney, em Palmeira dos \u00cdndios (AL); e Joel Gracioso, professor do Semin\u00e1rio Maria Mater Ecclesiae do Brasil e da Faculdade de S\u00e3o Bento de S\u00e3o Paulo.<\/p>\n<p>Maiores informa\u00e7\u00f5es pelo blog <a href=\"http:\/\/www.renasemalagoas.blogspot.com.br\" target=\"_blank\" rel=\"noopener\">www.renasemalagoas.blogspot.com.br<\/a><\/p>\n<\/div>\n","protected":false},"excerpt":{"rendered":"<p>A Arquidiocese de Macei\u00f3 vai sediar o Retiro dos Seminaristas \u2013 Nordest\u00e3o 2012, conhecido como Renasem Nordest\u00e3o, de 17 a 21 de julho no Semin\u00e1rio Arquidiocesano Nossa Senhora da Assun\u00e7\u00e3o, em Macei\u00f3 (AL).<\/p>\n","protected":false},"author":83,"featured_media":22973,"comment_status":"open","ping_status":"open","sticky":false,"template":"","format":"standard","meta":{"site-sidebar-layout":"default","site-content-layout":"default","ast-global-header-display":"","ast-banner-title-visibility":"","ast-main-header-display":"","ast-hfb-above-header-display":"","ast-hfb-below-header-display":"","ast-hfb-mobile-header-display":"","site-post-title":"","ast-breadcrumbs-content":"","ast-featured-img":"","footer-sml-layout":"","theme-transparent-header-meta":"","adv-header-id-meta":"","stick-header-meta":"","header-above-stick-meta":"","header-main-stick-meta":"","header-below-stick-meta":""},"categories":[770,769],"tags":[],"acf":[],"_links":{"self":[{"href":"https:\/\/www.cnbb.org.br\/cnbb-app\/wp\/v2\/posts\/22972"}],"collection":[{"href":"https:\/\/www.cnbb.org.br\/cnbb-app\/wp\/v2\/posts"}],"about":[{"href":"https:\/\/www.cnbb.org.br\/cnbb-app\/wp\/v2\/types\/post"}],"author":[{"embeddable":true,"href":"https:\/\/www.cnbb.org.br\/cnbb-app\/wp\/v2\/users\/83"}],"replies":[{"embeddable":true,"href":"https:\/\/www.cnbb.org.br\/cnbb-app\/wp\/v2\/comments?post=22972"}],"version-history":[{"count":0,"href":"https:\/\/www.cnbb.org.br\/cnbb-app\/wp\/v2\/posts\/22972\/revisions"}],"wp:featuredmedia":[{"embeddable":true,"href":"https:\/\/www.cnbb.org.br\/cnbb-app\/wp\/v2\/media\/22973"}],"wp:attachment":[{"href":"https:\/\/www.cnbb.org.br\/cnbb-app\/wp\/v2\/media?parent=22972"}],"wp:term":[{"taxonomy":"category","embeddable":true,"href":"https:\/\/www.cnbb.org.br\/cnbb-app\/wp\/v2\/categories?post=22972"},{"taxonomy":"post_tag","embeddable":true,"href":"https:\/\/www.cnbb.org.br\/cnbb-app\/wp\/v2\/tags?post=22972"}],"curies":[{"name":"wp","href":"https:\/\/api.w.org\/{rel}","templated":true}]}}