{"id":22982,"date":"2012-10-05T00:00:00","date_gmt":"2012-10-05T03:00:00","guid":{"rendered":"https:\/\/www.cnbb.org.br\/arquidiocese-de-campinas-lanca-revista-para-tablets-e-dispositivos-digitais\/"},"modified":"2012-10-05T00:00:00","modified_gmt":"2012-10-05T03:00:00","slug":"arquidiocese-de-campinas-lanca-revista-para-tablets-e-dispositivos-digitais","status":"publish","type":"post","link":"https:\/\/www.cnbb.org.br\/arquidiocese-de-campinas-lanca-revista-para-tablets-e-dispositivos-digitais\/","title":{"rendered":"Arquidiocese de Campinas lan\u00e7a revista para tablets e dispositivos digitais"},"content":{"rendered":"<div style=\"text-align: justify\">A revista Lumen, da Arquidiocese de Campinas, \u00e9 agora a primeira publica\u00e7\u00e3o cat\u00f3lica exclusivamente digital, dispon\u00edvel nas plataformas web online, aplicativo para tablets, smartphones e download para computadores.<\/div>\n<div style=\"text-align: justify\"><\/div>\n<p><!--more--><\/p>\n<div style=\"text-align: justify\">\n<p>A Arquidiocese de Campinas j\u00e1 contava com a centen\u00e1ria \u201cA Tribuna\u201d, que nasceu como \u201cJornal O Mensageiro\u201d, em 1909. As publica\u00e7\u00f5es passaram por transforma\u00e7\u00f5es ao longo dos anos e, agora, em 2012, d\u00e1 origem a dois novos ve\u00edculos: o boletim \u201cA Tribuna\u201d, que tem como grande inova\u00e7\u00e3o encerrar o sistema de recebimento via assinatura, sendo entregue diretamente \u00e0s par\u00f3quias, em grande tiragem, gratuitamente e, ainda, tamb\u00e9m dispon\u00edvel para download no portal da Arquidiocese de Campinas; e a revista Lumen, em sua edi\u00e7\u00e3o inaugural, concebida como um ve\u00edculo exclusivamente digital, para o povo de Deus da Arquidiocese de Campinas e tamb\u00e9m todo o Brasil.<\/p>\n<p>A maneira como estes dois ve\u00edculos irrompem em 2012 tem como claros objetivos ser gestos concretos do que nos prop\u00f4s a Campanha da Fraternidade do ano passado, que teve como tema \u201cFraternidade e a Vida no Planeta\u201d. Com foco em sustentabilidade, o impresso \u00e9 publicado em maior tiragem, mas com n\u00famero menor de p\u00e1ginas e menor periodicidade, enquanto para o meio digital fica reservada a revista Lumen, com maior n\u00famero de p\u00e1ginas.<\/p>\n<p>\u201cHoje, as pessoas est\u00e3o conectadas, sobretudo os jovens, atrav\u00e9s da Internet. Por meio das m\u00eddias digitais est\u00e1 se fazendo um bem imenso, algo que n\u00e3o vemos com os nossos olhos, mas que sabemos que \u00e9 um trabalho efetivo, real e que produz muitos frutos\u201d, afirmou o cardeal Dom Raymundo Damasceno, Presidente da Confer\u00eancia Nacional dos Bispos do Brasil (CNBB) e Arcebispo de Aparecida, em mensagem sobre a import\u00e2ncia dos novos meios de comunica\u00e7\u00e3o social por ocasi\u00e3o do lan\u00e7amento da revista Lumen.<\/p>\n<p>O surgimento de uma revista digital, produto ainda pouco desenvolvido pela Igreja no Brasil, al\u00e9m de estar atento \u00e0 tend\u00eancia dos usos tecnol\u00f3gicos com destaque aos smartphones e tablets (segundo a IDC Brasil, a previs\u00e3o \u00e9 de que at\u00e9 o fim de 2012 o n\u00famero de tablets chegue \u00e0 marca de 2,6 milh\u00f5es de aparelhos e de que at\u00e9 2013 sejam 5,4 milh\u00f5es no pa\u00eds), tamb\u00e9m se d\u00e1 em aten\u00e7\u00e3o ao Documento de Aparecida, quando aponta a preocupa\u00e7\u00e3o de que, na evangeliza\u00e7\u00e3o, na catequese e, em geral, na pastoral, persistam ainda linguagens pouco significativas para a cultura atual e, em particular, para os jovens, diante do fato de que as mudan\u00e7as culturais dificultam a transmiss\u00e3o da F\u00e9 por parte da fam\u00edlia e da sociedade<\/p>\n<p>\u00c9 do Santo Padre Bento XVI que vem a inspira\u00e7\u00e3o para a Revista Lumen. Assim nos diz, em sua mensagem para o 45\u00ba Dia Mundial das Comunica\u00e7\u00f5es Sociais, \u201cVerdade, an\u00fancio e autenticidade de vida, na era digital\u201d, em 2011: \u201cComo qualquer outro fruto do engenho humano, as novas tecnologias da comunica\u00e7\u00e3o pedem para ser postas ao servi\u00e7o do bem integral da pessoa e da humanidade inteira. Usadas sabiamente, podem contribuir para satisfazer o desejo de sentido, verdade e unidade que permanece a aspira\u00e7\u00e3o mais profunda do ser humano\u201d. Esta \u00e9 nossa miss\u00e3o.<\/p>\n<p>Mais informa\u00e7\u00f5es: <a href=\"http:\/\/www.arquidiocesecampinas.com\/lumen\/\" target=\"_blank\" rel=\"noopener\">http:\/\/www.arquidiocesecampinas.com\/lumen\/<\/a><\/p>\n<\/div>\n","protected":false},"excerpt":{"rendered":"<p>A revista Lumen, da Arquidiocese de Campinas, \u00e9 agora a primeira publica\u00e7\u00e3o cat\u00f3lica exclusivamente digital, dispon\u00edvel nas plataformas web online, aplicativo para tablets, smartphones e download para computadores.<\/p>\n","protected":false},"author":83,"featured_media":22983,"comment_status":"open","ping_status":"open","sticky":false,"template":"","format":"standard","meta":{"site-sidebar-layout":"default","site-content-layout":"default","ast-global-header-display":"","ast-banner-title-visibility":"","ast-main-header-display":"","ast-hfb-above-header-display":"","ast-hfb-below-header-display":"","ast-hfb-mobile-header-display":"","site-post-title":"","ast-breadcrumbs-content":"","ast-featured-img":"","footer-sml-layout":"","theme-transparent-header-meta":"","adv-header-id-meta":"","stick-header-meta":"","header-above-stick-meta":"","header-main-stick-meta":"","header-below-stick-meta":""},"categories":[769,772],"tags":[],"acf":[],"_links":{"self":[{"href":"https:\/\/www.cnbb.org.br\/cnbb-app\/wp\/v2\/posts\/22982"}],"collection":[{"href":"https:\/\/www.cnbb.org.br\/cnbb-app\/wp\/v2\/posts"}],"about":[{"href":"https:\/\/www.cnbb.org.br\/cnbb-app\/wp\/v2\/types\/post"}],"author":[{"embeddable":true,"href":"https:\/\/www.cnbb.org.br\/cnbb-app\/wp\/v2\/users\/83"}],"replies":[{"embeddable":true,"href":"https:\/\/www.cnbb.org.br\/cnbb-app\/wp\/v2\/comments?post=22982"}],"version-history":[{"count":0,"href":"https:\/\/www.cnbb.org.br\/cnbb-app\/wp\/v2\/posts\/22982\/revisions"}],"wp:featuredmedia":[{"embeddable":true,"href":"https:\/\/www.cnbb.org.br\/cnbb-app\/wp\/v2\/media\/22983"}],"wp:attachment":[{"href":"https:\/\/www.cnbb.org.br\/cnbb-app\/wp\/v2\/media?parent=22982"}],"wp:term":[{"taxonomy":"category","embeddable":true,"href":"https:\/\/www.cnbb.org.br\/cnbb-app\/wp\/v2\/categories?post=22982"},{"taxonomy":"post_tag","embeddable":true,"href":"https:\/\/www.cnbb.org.br\/cnbb-app\/wp\/v2\/tags?post=22982"}],"curies":[{"name":"wp","href":"https:\/\/api.w.org\/{rel}","templated":true}]}}