{"id":23015,"date":"2014-03-26T00:00:00","date_gmt":"2014-03-26T03:00:00","guid":{"rendered":"https:\/\/www.cnbb.org.br\/arquidiocese-de-maceio-promove-iniciativa-pela-paz\/"},"modified":"2014-03-26T00:00:00","modified_gmt":"2014-03-26T03:00:00","slug":"arquidiocese-de-maceio-promove-iniciativa-pela-paz","status":"publish","type":"post","link":"https:\/\/www.cnbb.org.br\/arquidiocese-de-maceio-promove-iniciativa-pela-paz\/","title":{"rendered":"Arquidiocese de Macei\u00f3 realiza missa pela paz"},"content":{"rendered":"<p style=\"text-align: justify\"><span style=\"line-height: 1.3em\">O arcebispo metropolitano de Macei\u00f3 (AL), dom Ant\u00f4nio Muniz Fernandes, celebrar\u00e1 missa pela paz, amanh\u00e3, 27, \u00e0s 19h, na catedral metropolitana. Ap\u00f3s o Estado ter apresentado o maior \u00edndice de viol\u00eancia do pa\u00eds, par\u00f3quias e seus agentes de pastorais est\u00e3o articulando a\u00e7\u00f5es que promovam a paz.<\/span><\/p>\n<p><!--more--><\/p>\n<p style=\"text-align: justify\"><span style=\"line-height: 1.3em\">De acordo com dom Ant\u00f4nio, a inten\u00e7\u00e3o da missa \u00e9 fortalecer a cultura de paz na cidade. \u201cQueremos que Macei\u00f3 se torne uma cidade de paz, como em d\u00e9cadas passadas, onde os jovens n\u00e3o sejam mais assassinados, n\u00e3o haja mais corrup\u00e7\u00e3o e as pol\u00edticas p\u00fablicas de combate \u00e0 viol\u00eancia sejam eficientes e eficazes\u201d, disse o arcebispo.<\/span><\/p>\n<p style=\"text-align: justify\">Ainda segundo dom Ant\u00f4nio, a estat\u00edstica que aponta Macei\u00f3 como a quinta cidade mais violenta do mundo \u00e9 considerada preocupante. \u201cPor isso, se as autoridades competentes comparecerem a este evento nos reuniremos, ap\u00f3s a missa, a fim de discutirmos mecanismos que promovam a paz e reduzam estes n\u00fameros\u201d, destacou.<\/p>\n","protected":false},"excerpt":{"rendered":"<p>O arcebispo metropolitano de Macei\u00f3 (AL), dom Ant\u00f4nio Muniz Fernandes, celebrar\u00e1 missa pela paz, amanh\u00e3, 27, \u00e0s 19h, na catedral metropolitana. Ap\u00f3s o Estado ter apresentado o maior \u00edndice de viol\u00eancia do pa\u00eds, par\u00f3quias e seus agentes de pastorais est\u00e3o articulando a\u00e7\u00f5es que promovam a paz.<\/p>\n","protected":false},"author":83,"featured_media":23016,"comment_status":"open","ping_status":"open","sticky":false,"template":"","format":"standard","meta":{"site-sidebar-layout":"default","site-content-layout":"default","ast-global-header-display":"","ast-banner-title-visibility":"","ast-main-header-display":"","ast-hfb-above-header-display":"","ast-hfb-below-header-display":"","ast-hfb-mobile-header-display":"","site-post-title":"","ast-breadcrumbs-content":"","ast-featured-img":"","footer-sml-layout":"","theme-transparent-header-meta":"","adv-header-id-meta":"","stick-header-meta":"","header-above-stick-meta":"","header-main-stick-meta":"","header-below-stick-meta":""},"categories":[770,769],"tags":[],"acf":[],"_links":{"self":[{"href":"https:\/\/www.cnbb.org.br\/cnbb-app\/wp\/v2\/posts\/23015"}],"collection":[{"href":"https:\/\/www.cnbb.org.br\/cnbb-app\/wp\/v2\/posts"}],"about":[{"href":"https:\/\/www.cnbb.org.br\/cnbb-app\/wp\/v2\/types\/post"}],"author":[{"embeddable":true,"href":"https:\/\/www.cnbb.org.br\/cnbb-app\/wp\/v2\/users\/83"}],"replies":[{"embeddable":true,"href":"https:\/\/www.cnbb.org.br\/cnbb-app\/wp\/v2\/comments?post=23015"}],"version-history":[{"count":0,"href":"https:\/\/www.cnbb.org.br\/cnbb-app\/wp\/v2\/posts\/23015\/revisions"}],"wp:featuredmedia":[{"embeddable":true,"href":"https:\/\/www.cnbb.org.br\/cnbb-app\/wp\/v2\/media\/23016"}],"wp:attachment":[{"href":"https:\/\/www.cnbb.org.br\/cnbb-app\/wp\/v2\/media?parent=23015"}],"wp:term":[{"taxonomy":"category","embeddable":true,"href":"https:\/\/www.cnbb.org.br\/cnbb-app\/wp\/v2\/categories?post=23015"},{"taxonomy":"post_tag","embeddable":true,"href":"https:\/\/www.cnbb.org.br\/cnbb-app\/wp\/v2\/tags?post=23015"}],"curies":[{"name":"wp","href":"https:\/\/api.w.org\/{rel}","templated":true}]}}