{"id":23017,"date":"2014-03-27T00:00:00","date_gmt":"2014-03-27T03:00:00","guid":{"rendered":"https:\/\/www.cnbb.org.br\/diocese-de-campina-grande-pb-sediara-nordestao-da-semana-social\/"},"modified":"2014-03-27T00:00:00","modified_gmt":"2014-03-27T03:00:00","slug":"diocese-de-campina-grande-pb-sediara-nordestao-da-semana-social","status":"publish","type":"post","link":"https:\/\/www.cnbb.org.br\/diocese-de-campina-grande-pb-sediara-nordestao-da-semana-social\/","title":{"rendered":"Diocese de Campina Grande (PB) sediar\u00e1 Nordest\u00e3o da Semana Social"},"content":{"rendered":"<p style=\"text-align: justify\">A realidade do Nordeste brasileiro ser\u00e1 discutida por pastorais, movimentos e entidades durante o Nordest\u00e3o da Semana Social, de 4 a 6 de abril, em Lagoa Seca (PB). No evento, de car\u00e1ter inter-religioso, haver\u00e1 discuss\u00e3o da an\u00e1lise de conjuntura econ\u00f4mica e social do pa\u00eds, com foco na regi\u00e3o.<\/p>\n<p><!--more--><\/p>\n<p style=\"text-align: justify\"><span style=\"line-height: 1.3em\">O tema proposto para o encontro, \u201cO Nordeste que temos e o Nordeste que queremos\u201d, d\u00e1 continuidade \u00e0s reflex\u00f5es da 5\u00aa Semana Social Brasileira, realizada no m\u00eas setembro de 2013, em Bras\u00edlia (DF), e que abordou a participa\u00e7\u00e3o popular no processo de democratiza\u00e7\u00e3o do Estado Brasileiro.<\/span><\/p>\n<p style=\"text-align: justify\">Est\u00e3o previstos outros temas para as plen\u00e1rias como a \u201cSeguran\u00e7a e Soberania H\u00eddrica e Alimentar\u201d; \u201cViol\u00eancia no Campo\u201d; \u201cControle Popular do Judici\u00e1rio\u201d; \u201cAcesso aos direitos sociais e \u00e0s pol\u00edticas p\u00fablicas\u201d; \u201cA Quest\u00e3o urbana e a cidade de exce\u00e7\u00e3o\u201d; \u201cMulher: viola\u00e7\u00f5es e conquistas\u201d.<\/p>\n<p style=\"text-align: justify\"><strong>Informa\u00e7\u00f5es:<\/strong> <a href=\"http:\/\/www.centrac.org.br\/contato\" target=\"_blank\" rel=\"noopener noreferrer\">www.centrac.org.br\/contato<\/a> ou (83) 3341-2800<\/p>\n","protected":false},"excerpt":{"rendered":"<p>A realidade do Nordeste brasileiro ser\u00e1 discutida por pastorais, movimentos e entidades durante o Nordest\u00e3o da Semana Social, de 4 a 6 de abril, em Lagoa Seca (PB). No evento, de car\u00e1ter inter-religioso, haver\u00e1 discuss\u00e3o da an\u00e1lise de conjuntura econ\u00f4mica e social do pa\u00eds, com foco na regi\u00e3o.<\/p>\n","protected":false},"author":83,"featured_media":23018,"comment_status":"open","ping_status":"open","sticky":false,"template":"","format":"standard","meta":{"site-sidebar-layout":"default","site-content-layout":"default","ast-global-header-display":"","ast-banner-title-visibility":"","ast-main-header-display":"","ast-hfb-above-header-display":"","ast-hfb-below-header-display":"","ast-hfb-mobile-header-display":"","site-post-title":"","ast-breadcrumbs-content":"","ast-featured-img":"","footer-sml-layout":"","theme-transparent-header-meta":"","adv-header-id-meta":"","stick-header-meta":"","header-above-stick-meta":"","header-main-stick-meta":"","header-below-stick-meta":""},"categories":[770,769],"tags":[],"acf":[],"_links":{"self":[{"href":"https:\/\/www.cnbb.org.br\/cnbb-app\/wp\/v2\/posts\/23017"}],"collection":[{"href":"https:\/\/www.cnbb.org.br\/cnbb-app\/wp\/v2\/posts"}],"about":[{"href":"https:\/\/www.cnbb.org.br\/cnbb-app\/wp\/v2\/types\/post"}],"author":[{"embeddable":true,"href":"https:\/\/www.cnbb.org.br\/cnbb-app\/wp\/v2\/users\/83"}],"replies":[{"embeddable":true,"href":"https:\/\/www.cnbb.org.br\/cnbb-app\/wp\/v2\/comments?post=23017"}],"version-history":[{"count":0,"href":"https:\/\/www.cnbb.org.br\/cnbb-app\/wp\/v2\/posts\/23017\/revisions"}],"wp:featuredmedia":[{"embeddable":true,"href":"https:\/\/www.cnbb.org.br\/cnbb-app\/wp\/v2\/media\/23018"}],"wp:attachment":[{"href":"https:\/\/www.cnbb.org.br\/cnbb-app\/wp\/v2\/media?parent=23017"}],"wp:term":[{"taxonomy":"category","embeddable":true,"href":"https:\/\/www.cnbb.org.br\/cnbb-app\/wp\/v2\/categories?post=23017"},{"taxonomy":"post_tag","embeddable":true,"href":"https:\/\/www.cnbb.org.br\/cnbb-app\/wp\/v2\/tags?post=23017"}],"curies":[{"name":"wp","href":"https:\/\/api.w.org\/{rel}","templated":true}]}}