{"id":23046,"date":"2014-10-16T00:00:00","date_gmt":"2014-10-16T03:00:00","guid":{"rendered":"https:\/\/www.cnbb.org.br\/bispos-e-coordenadores-de-pastoral-do-regional-ne2-refletem-documento-100-da-cnbb\/"},"modified":"2014-10-16T00:00:00","modified_gmt":"2014-10-16T03:00:00","slug":"bispos-e-coordenadores-de-pastoral-do-regional-ne2-refletem-documento-100-da-cnbb","status":"publish","type":"post","link":"https:\/\/www.cnbb.org.br\/bispos-e-coordenadores-de-pastoral-do-regional-ne2-refletem-documento-100-da-cnbb\/","title":{"rendered":"Assembleia do Regional NE2 reflete sobre Documento 100 da CNBB"},"content":{"rendered":"<p style=\"text-align: justify\"><span style=\"text-align: justify;line-height: 1.3em\">Bispos e coordenadores de Pastoral do regional Nordeste 2 da Confer\u00eancia Nacional dos Bispos do Brasil (CNBB) participam, desde quarta-feira, 15, da 49\u00aa Assembleia Pastoral do Regional Nordeste 2, realizada no convento Ipuarana, nos arredores de Campinha Grande (PB). A assembleia se estende at\u00e9 s\u00e1bado, dia 18.<\/span><\/p>\n<p>  <!--more-->  <\/p>\n<p style=\"text-align: justify\"><span style=\"line-height: 1.3em\">Os bispos \u00a0e coordenadores de pastoral iniciaram uma caminhada de estudos e reflex\u00f5es com base no Documento 100 da CNBB, \u201cComunidades de Comunidades: Uma nova par\u00f3quia\u201d. A cerim\u00f4nia de abertura transcorreu em clima festivo e de ora\u00e7\u00e3o, animada pela equipe de Liturgia da diocese de Campina Grande. O evento re\u00fane cerca de 100 pessoas das dioceses do regional.<\/span><\/p>\n<p style=\"text-align: justify\">Ap\u00f3s um momento de ora\u00e7\u00e3o, os participantes sa\u00edram em prociss\u00e3o at\u00e9 o audit\u00f3rio, onde o presidente do regional NE2 e arcebispo de Olinda e Recife, dom Fernando Saburido, declarou aberta oficialmente a assembleia. Em seguida, o padre Niraldo, da diocese de Penedo (AL), promoveu a apresenta\u00e7\u00e3o dos participantes e assessores.<\/p>\n<p style=\"text-align: justify\">Nesta quinta-feira, 16, os trabalhos iniciaram com uma celebra\u00e7\u00e3o eucar\u00edstica presidida pelo bispo de Caic\u00f3 (RN), dom Ant\u00f4nio Carlos Cruz. Os primeiros estudos sobre a tem\u00e1tica foram conduzidos pelo professor doutor em teologia, S\u00e9rgio Sezino Douets. \u00a0\u00a0<\/p>\n<p style=\"text-align: justify\">O regional NE2 compreende os estados de Pernambuco, Alagoas, Para\u00edba e Rio Grande do Norte.<\/p>\n<p><span style=\"font-size: xx-small\"><strong><em>Com informa\u00e7\u00f5es do regional NE2<\/em><\/strong><\/span><\/p>\n","protected":false},"excerpt":{"rendered":"<p>Bispos e coordenadores de Pastoral do regional Nordeste 2 da Confer\u00eancia Nacional dos Bispos do Brasil (CNBB) participam, desde quarta-feira, 15, da 49\u00aa Assembleia Pastoral do Regional Nordeste 2, realizada no convento Ipuarana, nos arredores de Campinha Grande (PB). A assembleia se estende at\u00e9 s\u00e1bado, dia 18.<\/p>\n","protected":false},"author":83,"featured_media":23047,"comment_status":"open","ping_status":"open","sticky":false,"template":"","format":"standard","meta":{"site-sidebar-layout":"default","site-content-layout":"default","ast-global-header-display":"","ast-banner-title-visibility":"","ast-main-header-display":"","ast-hfb-above-header-display":"","ast-hfb-below-header-display":"","ast-hfb-mobile-header-display":"","site-post-title":"","ast-breadcrumbs-content":"","ast-featured-img":"","footer-sml-layout":"","theme-transparent-header-meta":"","adv-header-id-meta":"","stick-header-meta":"","header-above-stick-meta":"","header-main-stick-meta":"","header-below-stick-meta":""},"categories":[770,769],"tags":[],"acf":[],"_links":{"self":[{"href":"https:\/\/www.cnbb.org.br\/cnbb-app\/wp\/v2\/posts\/23046"}],"collection":[{"href":"https:\/\/www.cnbb.org.br\/cnbb-app\/wp\/v2\/posts"}],"about":[{"href":"https:\/\/www.cnbb.org.br\/cnbb-app\/wp\/v2\/types\/post"}],"author":[{"embeddable":true,"href":"https:\/\/www.cnbb.org.br\/cnbb-app\/wp\/v2\/users\/83"}],"replies":[{"embeddable":true,"href":"https:\/\/www.cnbb.org.br\/cnbb-app\/wp\/v2\/comments?post=23046"}],"version-history":[{"count":0,"href":"https:\/\/www.cnbb.org.br\/cnbb-app\/wp\/v2\/posts\/23046\/revisions"}],"wp:featuredmedia":[{"embeddable":true,"href":"https:\/\/www.cnbb.org.br\/cnbb-app\/wp\/v2\/media\/23047"}],"wp:attachment":[{"href":"https:\/\/www.cnbb.org.br\/cnbb-app\/wp\/v2\/media?parent=23046"}],"wp:term":[{"taxonomy":"category","embeddable":true,"href":"https:\/\/www.cnbb.org.br\/cnbb-app\/wp\/v2\/categories?post=23046"},{"taxonomy":"post_tag","embeddable":true,"href":"https:\/\/www.cnbb.org.br\/cnbb-app\/wp\/v2\/tags?post=23046"}],"curies":[{"name":"wp","href":"https:\/\/api.w.org\/{rel}","templated":true}]}}