{"id":23073,"date":"2015-03-04T00:00:00","date_gmt":"2015-03-04T03:00:00","guid":{"rendered":"https:\/\/www.cnbb.org.br\/lancamento-da-campanha-da-fraternidade-no-regional-nordeste-2\/"},"modified":"2015-03-04T00:00:00","modified_gmt":"2015-03-04T03:00:00","slug":"lancamento-da-campanha-da-fraternidade-no-regional-nordeste-2","status":"publish","type":"post","link":"https:\/\/www.cnbb.org.br\/lancamento-da-campanha-da-fraternidade-no-regional-nordeste-2\/","title":{"rendered":"Regional Nordeste 2 da CNBB lan\u00e7a Campanha da Fraternidade 2015"},"content":{"rendered":"<p style=\"text-align: justify\"><span style=\"font-size: 12.1599998474121px;line-height: 1.3em\">O lan\u00e7amento regional da Campanha da Fraternidade 2015 no Nordeste 2 da Confer\u00eancia Nacional dos Bispos do Brasil (CNBB) foi realizado no s\u00e1bado, 21 de fevereiro. O arcebispo de Olinda e Recife (PE) e presidente do regional NE 2, dom Fernando Saburido, conduziu a cerim\u00f4nia ao lado de outros bispos, padres e leigos das 21 dioceses que comp\u00f5em as prov\u00edncias eclesi\u00e1sticas de Alagoas, Para\u00edba, Pernambuco e Rio Grande do Norte. O evento aconteceu na sede do Movimento Pr\u00f3-crian\u00e7a, atingido por inc\u00eandio no ano passado.<\/span><\/p>\n<p>  <!--more-->  <\/p>\n<p style=\"text-align: justify\">\u00a0<span style=\"font-size: 12.1599998474121px;line-height: 1.3em\">Segundo dom Fernando, \u201co Movimento Pr\u00f3-Crian\u00e7a \u00e9 uma das a\u00e7\u00f5es da arquidiocese em parceria com a sociedade mais representativas do Estado. Escolhemos esta sede do movimento como s\u00edmbolo desse trabalho constante da Igreja e, tamb\u00e9m, porque a entidade ainda precisa de ajuda para reformar o pr\u00e9dio, que foi destru\u00eddo ano passado por um inc\u00eandio\u201d, explica o bispo.<\/span><\/p>\n<p style=\"text-align: justify\"><strong>Palmeira dos \u00cdndios<\/strong><\/p>\n<p style=\"text-align: justify\"><img decoding=\"async\" loading=\"lazy\" class=\" alignright size-full wp-image-25017\" src=\"https:\/\/www.cnbb.org.br\/wp-content\/uploads\/2020\/03\/Regional-Nordeste-2-270x270-1.jpg\" border=\"0\" width=\"198\" height=\"198\" style=\"float: right\" \/>A diocese de Palmeira dos \u00cdndios (AL) promoveu uma mesa redonda sobre o tema da Campanha da Fraternidade 2015, no dia 20 de fevereiro. O bispo diocesano, dom Dulc\u00eanio Fontes de Matos, acolheu os participantes e abordou a import\u00e2ncia do tema \u201cFraternidade: Igreja e sociedade\u201d.<\/p>\n<p style=\"text-align: justify\">Bispos, sacerdotes, leigos e representantes de institui\u00e7\u00f5es puderam ouvir ainda o professor doutor Alberto Flores e o professor mestre Jos\u00e9 Ant\u00f4nio Faro, que falaram sobre a atual mission\u00e1ria evangelizadora.<\/p>\n<p style=\"text-align: justify\">No s\u00e1bado, dia 21, o povo de 21 dioceses do Regional Nordeste 2 esteve reunido no gin\u00e1sio para a missa de abertura da CF 2015. Houve homenagem aos m\u00e1rtires do Rio Grande do Norte; ao padre Ibiapina da Para\u00edba; dom H\u00e9lder C\u00e2mara, de Pernambuco; e Frei Dami\u00e3o, de Alagoas. Por fim, a diocese de Palmeira dos \u00cdndios homenageou os 21 bispos presentes.<\/p>\n<p>\u00a0\u00a0\u00a0\u00a0\u00a0\u00a0\u00a0\u00a0\u00a0\u00a0\u00a0\u00a0\u00a0\u00a0\u00a0<\/p>\n<p>\u00a0\u00a0\u00a0\u00a0\u00a0\u00a0\u00a0\u00a0\u00a0\u00a0\u00a0\u00a0\u00a0\u00a0\u00a0<\/p>\n<p>\u00a0<\/p>\n<p>\u00a0<\/p>\n<p>\u00a0<\/p>\n","protected":false},"excerpt":{"rendered":"<p>O lan\u00e7amento regional da Campanha da Fraternidade 2015 no Nordeste 2 da Confer\u00eancia Nacional dos Bispos do Brasil (CNBB) foi realizado no s\u00e1bado, 21 de fevereiro. O arcebispo de Olinda e Recife (PE) e presidente do regional NE 2, dom Fernando Saburido, conduziu a cerim\u00f4nia ao lado de outros bispos, padres e leigos das 21 &hellip;<\/p>\n<p class=\"read-more\"> <a class=\"\" href=\"https:\/\/www.cnbb.org.br\/lancamento-da-campanha-da-fraternidade-no-regional-nordeste-2\/\"> <span class=\"screen-reader-text\">Regional Nordeste 2 da CNBB lan\u00e7a Campanha da Fraternidade 2015<\/span> Leia mais &raquo;<\/a><\/p>\n","protected":false},"author":83,"featured_media":23074,"comment_status":"open","ping_status":"open","sticky":false,"template":"","format":"standard","meta":{"site-sidebar-layout":"default","site-content-layout":"default","ast-global-header-display":"","ast-banner-title-visibility":"","ast-main-header-display":"","ast-hfb-above-header-display":"","ast-hfb-below-header-display":"","ast-hfb-mobile-header-display":"","site-post-title":"","ast-breadcrumbs-content":"","ast-featured-img":"","footer-sml-layout":"","theme-transparent-header-meta":"","adv-header-id-meta":"","stick-header-meta":"","header-above-stick-meta":"","header-main-stick-meta":"","header-below-stick-meta":""},"categories":[770,769],"tags":[],"acf":[],"_links":{"self":[{"href":"https:\/\/www.cnbb.org.br\/cnbb-app\/wp\/v2\/posts\/23073"}],"collection":[{"href":"https:\/\/www.cnbb.org.br\/cnbb-app\/wp\/v2\/posts"}],"about":[{"href":"https:\/\/www.cnbb.org.br\/cnbb-app\/wp\/v2\/types\/post"}],"author":[{"embeddable":true,"href":"https:\/\/www.cnbb.org.br\/cnbb-app\/wp\/v2\/users\/83"}],"replies":[{"embeddable":true,"href":"https:\/\/www.cnbb.org.br\/cnbb-app\/wp\/v2\/comments?post=23073"}],"version-history":[{"count":0,"href":"https:\/\/www.cnbb.org.br\/cnbb-app\/wp\/v2\/posts\/23073\/revisions"}],"wp:featuredmedia":[{"embeddable":true,"href":"https:\/\/www.cnbb.org.br\/cnbb-app\/wp\/v2\/media\/23074"}],"wp:attachment":[{"href":"https:\/\/www.cnbb.org.br\/cnbb-app\/wp\/v2\/media?parent=23073"}],"wp:term":[{"taxonomy":"category","embeddable":true,"href":"https:\/\/www.cnbb.org.br\/cnbb-app\/wp\/v2\/categories?post=23073"},{"taxonomy":"post_tag","embeddable":true,"href":"https:\/\/www.cnbb.org.br\/cnbb-app\/wp\/v2\/tags?post=23073"}],"curies":[{"name":"wp","href":"https:\/\/api.w.org\/{rel}","templated":true}]}}