{"id":23082,"date":"2015-04-06T00:00:00","date_gmt":"2015-04-06T03:00:00","guid":{"rendered":"https:\/\/www.cnbb.org.br\/comissao-prepara-novena-do-natal-em-familia-2015-para-regional-ne2\/"},"modified":"2015-04-06T00:00:00","modified_gmt":"2015-04-06T03:00:00","slug":"comissao-prepara-novena-do-natal-em-familia-2015-para-regional-ne2","status":"publish","type":"post","link":"https:\/\/www.cnbb.org.br\/comissao-prepara-novena-do-natal-em-familia-2015-para-regional-ne2\/","title":{"rendered":"Comiss\u00e3o prepara Novena do Natal em Fam\u00edlia 2015 para Regional NE2"},"content":{"rendered":"<p style=\"text-align: justify\"><span style=\"font-size: 12.1599998474121px;line-height: 1.3em\">A Comiss\u00e3o respons\u00e1vel pela elabora\u00e7\u00e3o do livreto da Novena de Natal em Fam\u00edlia 2015, do regional Nordeste 2 da Confer\u00eancia Nacional dos Bispos do Brasil (CNBB), esteve reunida entre os dias 9 e 11 de mar\u00e7o, em Ponta Negra (RN), para dar continuidade ao texto.\u00a0<\/span><\/p>\n<p>  <!--more-->  <\/p>\n<p style=\"text-align: justify\">\u00a0<\/p>\n<p style=\"text-align: justify\">\u00a0<\/p>\n<p style=\"text-align: justify\"><span style=\"font-size: 12.1599998474121px;line-height: 1.3em\">Participam da Comiss\u00e3o o vig\u00e1rio-geral da arquidiocese de Olinda e Recife (PE), dom Genival Saraiva, e \u00a0seis padres, representantes das quatro prov\u00edncias eclesi\u00e1sticas do regional. \u00a0<\/span><\/p>\n<p style=\"text-align: justify\">\u201cSabemos que o advento e o Natal s\u00e3o momentos muito fortes para trabalharmos a evangeliza\u00e7\u00e3o. H\u00e1 algum tempo percebemos que essa necessidade de evangeliza\u00e7\u00e3o poderia ter o rosto e a linguagem do regional Nordeste 2. Em anos anteriores, a diocese de Pesqueira (PE) prepara um livreto pr\u00f3prio para as novenas do Natal em Fam\u00edlia. Durante dois anos, o regional passou a utilizar esse livreto. Depois, como regional, decidimos assumir a produ\u00e7\u00e3o da novena\u201d, explica dom Genival.<\/p>\n<p style=\"text-align: justify\">A tem\u00e1tica da novena para este ano, de acordo com o bispo, \u00e9 baseada na Constitui\u00e7\u00e3o Pastoral <em>Gaudium et Spes<\/em>, do Conc\u00edlio Vaticano II, que trata da Igreja no mundo atual. \u201cTamb\u00e9m levamos em considera\u00e7\u00e3o o tema da Campanha da Fraternidade 2015\u201d, acrescenta.<\/p>\n<p style=\"text-align: justify\">O texto j\u00e1 est\u00e1 em fase de aprova\u00e7\u00e3o. No in\u00edcio do segundo semestre, as dioceses dever\u00e3o fazer a encomenda junto \u00e0 secretaria do regional Nordeste 2, que tem sede em Recife.<\/p>\n<h5>Com informa\u00e7\u00f5es da arquidiocese de Natal<\/h5>\n","protected":false},"excerpt":{"rendered":"<p>A Comiss\u00e3o respons\u00e1vel pela elabora\u00e7\u00e3o do livreto da Novena de Natal em Fam\u00edlia 2015, do regional Nordeste 2 da Confer\u00eancia Nacional dos Bispos do Brasil (CNBB), esteve reunida entre os dias 9 e 11 de mar\u00e7o, em Ponta Negra (RN), para dar continuidade ao texto.\u00a0<\/p>\n","protected":false},"author":83,"featured_media":23083,"comment_status":"open","ping_status":"open","sticky":false,"template":"","format":"standard","meta":{"site-sidebar-layout":"default","site-content-layout":"default","ast-global-header-display":"","ast-banner-title-visibility":"","ast-main-header-display":"","ast-hfb-above-header-display":"","ast-hfb-below-header-display":"","ast-hfb-mobile-header-display":"","site-post-title":"","ast-breadcrumbs-content":"","ast-featured-img":"","footer-sml-layout":"","theme-transparent-header-meta":"","adv-header-id-meta":"","stick-header-meta":"","header-above-stick-meta":"","header-main-stick-meta":"","header-below-stick-meta":""},"categories":[770,769],"tags":[],"acf":[],"_links":{"self":[{"href":"https:\/\/www.cnbb.org.br\/cnbb-app\/wp\/v2\/posts\/23082"}],"collection":[{"href":"https:\/\/www.cnbb.org.br\/cnbb-app\/wp\/v2\/posts"}],"about":[{"href":"https:\/\/www.cnbb.org.br\/cnbb-app\/wp\/v2\/types\/post"}],"author":[{"embeddable":true,"href":"https:\/\/www.cnbb.org.br\/cnbb-app\/wp\/v2\/users\/83"}],"replies":[{"embeddable":true,"href":"https:\/\/www.cnbb.org.br\/cnbb-app\/wp\/v2\/comments?post=23082"}],"version-history":[{"count":0,"href":"https:\/\/www.cnbb.org.br\/cnbb-app\/wp\/v2\/posts\/23082\/revisions"}],"wp:featuredmedia":[{"embeddable":true,"href":"https:\/\/www.cnbb.org.br\/cnbb-app\/wp\/v2\/media\/23083"}],"wp:attachment":[{"href":"https:\/\/www.cnbb.org.br\/cnbb-app\/wp\/v2\/media?parent=23082"}],"wp:term":[{"taxonomy":"category","embeddable":true,"href":"https:\/\/www.cnbb.org.br\/cnbb-app\/wp\/v2\/categories?post=23082"},{"taxonomy":"post_tag","embeddable":true,"href":"https:\/\/www.cnbb.org.br\/cnbb-app\/wp\/v2\/tags?post=23082"}],"curies":[{"name":"wp","href":"https:\/\/api.w.org\/{rel}","templated":true}]}}