{"id":23092,"date":"2015-06-05T00:00:00","date_gmt":"2015-06-05T03:00:00","guid":{"rendered":"https:\/\/www.cnbb.org.br\/apos-cirurgia-arcebispo-de-maceio-recebe-altade\/"},"modified":"2015-06-05T00:00:00","modified_gmt":"2015-06-05T03:00:00","slug":"apos-cirurgia-arcebispo-de-maceio-recebe-altade","status":"publish","type":"post","link":"https:\/\/www.cnbb.org.br\/apos-cirurgia-arcebispo-de-maceio-recebe-altade\/","title":{"rendered":"Ap\u00f3s cirurgia, arcebispo de Macei\u00f3 recebe alta"},"content":{"rendered":"<p>O arcebispo de Macei\u00f3 (AL), dom Ant\u00f4nio Muniz Fernandes, recebeu alta m\u00e9dica, na sexta-feira, 5. No dia 20 de maio, o prelado submeteu-se a uma cirurgia card\u00edaca, na Santa Casa de Miseric\u00f3rdia de Macei\u00f3, onde manteve-se internado.<\/p>\n<p><!--more--><\/p>\n<p style=\"text-align: justify\">Em nota, a Pastoral da Comunica\u00e7\u00e3o da arquidiocese agradeceu as ora\u00e7\u00f5es, mensagens e a dedica\u00e7\u00e3o da equipe da unidade de sa\u00fade, liderada pelo m\u00e9dico cirurgi\u00e3o Jos\u00e9 Wanderley Neto. No texto, h\u00e1 o pedido para que os fi\u00e9is continuem \u201csuplicando ao bom Deus pelo pleno restabelecimento\u201d de dom Muniz, que j\u00e1 se encontra em casa.<\/p>\n","protected":false},"excerpt":{"rendered":"<p>O arcebispo de Macei\u00f3 (AL), dom Ant\u00f4nio Muniz Fernandes, recebeu alta m\u00e9dica, na sexta-feira, 5. No dia 20 de maio, o prelado submeteu-se a uma cirurgia card\u00edaca, na Santa Casa de Miseric\u00f3rdia de Macei\u00f3, onde manteve-se internado.<\/p>\n","protected":false},"author":83,"featured_media":23093,"comment_status":"open","ping_status":"open","sticky":false,"template":"","format":"standard","meta":{"site-sidebar-layout":"default","site-content-layout":"default","ast-global-header-display":"","ast-banner-title-visibility":"","ast-main-header-display":"","ast-hfb-above-header-display":"","ast-hfb-below-header-display":"","ast-hfb-mobile-header-display":"","site-post-title":"","ast-breadcrumbs-content":"","ast-featured-img":"","footer-sml-layout":"","theme-transparent-header-meta":"","adv-header-id-meta":"","stick-header-meta":"","header-above-stick-meta":"","header-main-stick-meta":"","header-below-stick-meta":""},"categories":[770,769],"tags":[],"acf":[],"_links":{"self":[{"href":"https:\/\/www.cnbb.org.br\/cnbb-app\/wp\/v2\/posts\/23092"}],"collection":[{"href":"https:\/\/www.cnbb.org.br\/cnbb-app\/wp\/v2\/posts"}],"about":[{"href":"https:\/\/www.cnbb.org.br\/cnbb-app\/wp\/v2\/types\/post"}],"author":[{"embeddable":true,"href":"https:\/\/www.cnbb.org.br\/cnbb-app\/wp\/v2\/users\/83"}],"replies":[{"embeddable":true,"href":"https:\/\/www.cnbb.org.br\/cnbb-app\/wp\/v2\/comments?post=23092"}],"version-history":[{"count":0,"href":"https:\/\/www.cnbb.org.br\/cnbb-app\/wp\/v2\/posts\/23092\/revisions"}],"wp:featuredmedia":[{"embeddable":true,"href":"https:\/\/www.cnbb.org.br\/cnbb-app\/wp\/v2\/media\/23093"}],"wp:attachment":[{"href":"https:\/\/www.cnbb.org.br\/cnbb-app\/wp\/v2\/media?parent=23092"}],"wp:term":[{"taxonomy":"category","embeddable":true,"href":"https:\/\/www.cnbb.org.br\/cnbb-app\/wp\/v2\/categories?post=23092"},{"taxonomy":"post_tag","embeddable":true,"href":"https:\/\/www.cnbb.org.br\/cnbb-app\/wp\/v2\/tags?post=23092"}],"curies":[{"name":"wp","href":"https:\/\/api.w.org\/{rel}","templated":true}]}}