{"id":23114,"date":"2015-11-16T00:00:00","date_gmt":"2015-11-16T02:00:00","guid":{"rendered":"https:\/\/www.cnbb.org.br\/diocese-de-petrolina-pe-realiza-coleta-para-ajudar-vitimas-da-tragedia-ocorrida-em-mariana-mg\/"},"modified":"2015-11-16T00:00:00","modified_gmt":"2015-11-16T02:00:00","slug":"diocese-de-petrolina-pe-realiza-coleta-para-ajudar-vitimas-da-tragedia-ocorrida-em-mariana-mg","status":"publish","type":"post","link":"https:\/\/www.cnbb.org.br\/diocese-de-petrolina-pe-realiza-coleta-para-ajudar-vitimas-da-tragedia-ocorrida-em-mariana-mg\/","title":{"rendered":"Diocese de Petrolina (PE) realiza coleta para ajudar v\u00edtimas da trag\u00e9dia ocorrida em Mariana (MG)"},"content":{"rendered":"<p style=\"text-align: justify\">\u201cDurante o ofert\u00f3rio das missas e celebra\u00e7\u00f5es da Palavra, o povo de Deus \u00e9 convidado a assumir a miss\u00e3o da Igreja, que reafirma a sua identidade, partindo do exemplo do pr\u00f3prio Cristo: Eu vim para servir!\u201d (Mc 10, 45)<\/p>\n<p><!--more--><\/p>\n<p style=\"text-align: justify\">Com o objetivo de ajudar as v\u00edtimas da trag\u00e9dia ocorrida em Mariana, Minas Gerais, a diocese de Petrolina (PE) realizar\u00e1, na Solenidade de Cristo Rei, nos dias 21 e 22 de novembro, em todas as par\u00f3quias e comunidades uma coleta diocesana.<\/p>\n<p style=\"text-align: justify\">O bispo da diocese de Petrolina, dom Manoel dos Reis de Farias, assegurou as suas ora\u00e7\u00f5es e o apoio material para as iniciativas que est\u00e3o sendo tomadas, a fim de minimizar os impactos do desastre ambiental, econ\u00f4mico e social que se abateu sobre a regi\u00e3o.<\/p>\n<p style=\"text-align: justify\">Na r\u00e1dio cat\u00f3lica \u201cA Voz do S\u00e3o Francisco \u2013 Emissora Rural\u201d, dom Manoel conclama aos fi\u00e9is para terem uma atitude solid\u00e1ria e generosa, a fim de que &#8220;os irm\u00e3os mineiros, atingidos pelo rompimento das barragens, sejam tratados com dignidade nesse momento de sofrimento e esperan\u00e7a&#8221;.<\/p>\n<h5 style=\"text-align: justify\"><strong>Com informa\u00e7\u00f5es da diocese de Petrolina (PE)<\/strong><\/h5>\n<p style=\"text-align: justify\">\n","protected":false},"excerpt":{"rendered":"<p>\u201cDurante o ofert\u00f3rio das missas e celebra\u00e7\u00f5es da Palavra, o povo de Deus \u00e9 convidado a assumir a miss\u00e3o da Igreja, que reafirma a sua identidade, partindo do exemplo do pr\u00f3prio Cristo: Eu vim para servir!\u201d (Mc 10, 45)<\/p>\n","protected":false},"author":83,"featured_media":23115,"comment_status":"open","ping_status":"open","sticky":false,"template":"","format":"standard","meta":{"site-sidebar-layout":"default","site-content-layout":"default","ast-global-header-display":"","ast-banner-title-visibility":"","ast-main-header-display":"","ast-hfb-above-header-display":"","ast-hfb-below-header-display":"","ast-hfb-mobile-header-display":"","site-post-title":"","ast-breadcrumbs-content":"","ast-featured-img":"","footer-sml-layout":"","theme-transparent-header-meta":"","adv-header-id-meta":"","stick-header-meta":"","header-above-stick-meta":"","header-main-stick-meta":"","header-below-stick-meta":""},"categories":[770,769],"tags":[],"acf":[],"_links":{"self":[{"href":"https:\/\/www.cnbb.org.br\/cnbb-app\/wp\/v2\/posts\/23114"}],"collection":[{"href":"https:\/\/www.cnbb.org.br\/cnbb-app\/wp\/v2\/posts"}],"about":[{"href":"https:\/\/www.cnbb.org.br\/cnbb-app\/wp\/v2\/types\/post"}],"author":[{"embeddable":true,"href":"https:\/\/www.cnbb.org.br\/cnbb-app\/wp\/v2\/users\/83"}],"replies":[{"embeddable":true,"href":"https:\/\/www.cnbb.org.br\/cnbb-app\/wp\/v2\/comments?post=23114"}],"version-history":[{"count":0,"href":"https:\/\/www.cnbb.org.br\/cnbb-app\/wp\/v2\/posts\/23114\/revisions"}],"wp:featuredmedia":[{"embeddable":true,"href":"https:\/\/www.cnbb.org.br\/cnbb-app\/wp\/v2\/media\/23115"}],"wp:attachment":[{"href":"https:\/\/www.cnbb.org.br\/cnbb-app\/wp\/v2\/media?parent=23114"}],"wp:term":[{"taxonomy":"category","embeddable":true,"href":"https:\/\/www.cnbb.org.br\/cnbb-app\/wp\/v2\/categories?post=23114"},{"taxonomy":"post_tag","embeddable":true,"href":"https:\/\/www.cnbb.org.br\/cnbb-app\/wp\/v2\/tags?post=23114"}],"curies":[{"name":"wp","href":"https:\/\/api.w.org\/{rel}","templated":true}]}}