{"id":23118,"date":"2015-12-23T00:00:00","date_gmt":"2015-12-23T02:00:00","guid":{"rendered":"https:\/\/www.cnbb.org.br\/abertura-da-porta-santa-em-maceio-sera-celebrada-no-proximo-domingo\/"},"modified":"2015-12-23T00:00:00","modified_gmt":"2015-12-23T02:00:00","slug":"abertura-da-porta-santa-em-maceio-sera-celebrada-no-proximo-domingo","status":"publish","type":"post","link":"https:\/\/www.cnbb.org.br\/abertura-da-porta-santa-em-maceio-sera-celebrada-no-proximo-domingo\/","title":{"rendered":"Aberta a Porta da Miseric\u00f3rdia em Macei\u00f3"},"content":{"rendered":"<p>Dom Ant\u00f4nio Muniz abriu a porta esquerda da catedral metropolitana<\/p>\n<p><!--more--><\/p>\n<p>A arquidiocese de Macei\u00f3 (AL) realizou a abertura da Porta Santa da Miseric\u00f3rdia, na catedral metropolitana, no \u00faltimo\u00a0domingo, 20 de dezembro. A celebra\u00e7\u00e3o ocorreu\u00a0na Igreja S\u00e3o Gon\u00e7alo, no bairro do Farol.<\/p>\n<p style=\"text-align: justify\">O arcebispo de Macei\u00f3, dom Ant\u00f4nio Muniz, fez\u00a0um gesto simb\u00f3lico ao abrir a porta esquerda da Igreja, seguindo um rito especial preparado pelo Pontif\u00edcio Conselho para Nova Evangeliza\u00e7\u00e3o e aprovado pela Congrega\u00e7\u00e3o para o Culto Divino e a Disciplina dos Sacramentos.<\/p>\n<p style=\"text-align: justify\">Segundo o bispo, a escolha em abrir a porta esquerda faz refer\u00eancia ao pecador arrependido. \u201cA entrada ser\u00e1 pela porta esquerda devido ao pecado que entorta o pecador. E que ao sair pela porta perdoado, deixar\u00e1 de ser torto\u201d, afirma dom Ant\u00f4nio.<\/p>\n<p style=\"text-align: justify\">A missa foi\u00a0celebrada\u00a0logo ap\u00f3s a abertura da Porta Santa.<\/p>\n<p style=\"text-align: justify\">&#8220;Muito lindo e emocionante. Abre-se para a gente aqui tamb\u00e9m, assim como fez o papa em Roma, a Porta da reconcilia\u00e7\u00e3o com o pr\u00f3prio Deus, \u00e0queles que se arrependem de seus erros. Ser\u00e1 um ano de muita alegria pra todos n\u00f3s&#8221;, disse um fiel.<\/p>\n<h4 style=\"text-align: justify\">Ano Santo da Miseric\u00f3rdia<\/h4>\n<p style=\"text-align: justify\">\u201cSede misericordiosos como o Pai\u201d. Este \u00e9 o lema do Ano da Miseric\u00f3rdia que teve in\u00edcio no dia 8 de dezembro desde ano, na Solenidade da Imaculada Concei\u00e7\u00e3o, e se concluir\u00e1 em novembro de 2016. O Ano extraordin\u00e1rio foi convocado pelo papa Francisco\u00a0durante celebra\u00e7\u00e3o da penit\u00eancia, na bas\u00edlica de S\u00e3o Pedro, no Vaticano. \u00a0\u201cPensei muitas vezes no modo como a Igreja pode tornar mais evidente a sua miss\u00e3o de ser testemunha da miseric\u00f3rdia. \u00c9 um caminho que come\u00e7a com uma convers\u00e3o espiritual, e devemos fazer este caminho. Por isso decidi proclamar um Jubileu Extraordin\u00e1rio que tenha no seu centro a miseric\u00f3rdia de Deus. Ser\u00e1 um Ano Santo da Miseric\u00f3rdia\u201d, disse o papa.<\/p>\n<p style=\"text-align: justify\">A iniciativa de Francisco\u00a0convida ainda os fi\u00e9is do mundo inteiro a celebrarem o Sacramento da Reconcilia\u00e7\u00e3o. De acordo com o comunicado da Santa S\u00e9, a abertura do jubileu aconteceu\u00a0no 50\u00ba anivers\u00e1rio do encerramento do Conc\u00edlio Vaticano II e \u201cadquire um significado particular, impelindo a Igreja a continuar a obra come\u00e7ada pelo Vaticano II\u201d.<\/p>\n<p style=\"text-align: justify\">Com informa\u00e7\u00f5es e foto da arquidiocese de Macei\u00f3<\/p>\n<h4 style=\"text-align: justify\"><\/h4>\n","protected":false},"excerpt":{"rendered":"<p>Dom Ant\u00f4nio Muniz abriu a porta esquerda da catedral metropolitana<\/p>\n","protected":false},"author":83,"featured_media":23119,"comment_status":"open","ping_status":"open","sticky":false,"template":"","format":"standard","meta":{"site-sidebar-layout":"default","site-content-layout":"default","ast-global-header-display":"","ast-banner-title-visibility":"","ast-main-header-display":"","ast-hfb-above-header-display":"","ast-hfb-below-header-display":"","ast-hfb-mobile-header-display":"","site-post-title":"","ast-breadcrumbs-content":"","ast-featured-img":"","footer-sml-layout":"","theme-transparent-header-meta":"","adv-header-id-meta":"","stick-header-meta":"","header-above-stick-meta":"","header-main-stick-meta":"","header-below-stick-meta":""},"categories":[770,769],"tags":[],"acf":[],"_links":{"self":[{"href":"https:\/\/www.cnbb.org.br\/cnbb-app\/wp\/v2\/posts\/23118"}],"collection":[{"href":"https:\/\/www.cnbb.org.br\/cnbb-app\/wp\/v2\/posts"}],"about":[{"href":"https:\/\/www.cnbb.org.br\/cnbb-app\/wp\/v2\/types\/post"}],"author":[{"embeddable":true,"href":"https:\/\/www.cnbb.org.br\/cnbb-app\/wp\/v2\/users\/83"}],"replies":[{"embeddable":true,"href":"https:\/\/www.cnbb.org.br\/cnbb-app\/wp\/v2\/comments?post=23118"}],"version-history":[{"count":0,"href":"https:\/\/www.cnbb.org.br\/cnbb-app\/wp\/v2\/posts\/23118\/revisions"}],"wp:featuredmedia":[{"embeddable":true,"href":"https:\/\/www.cnbb.org.br\/cnbb-app\/wp\/v2\/media\/23119"}],"wp:attachment":[{"href":"https:\/\/www.cnbb.org.br\/cnbb-app\/wp\/v2\/media?parent=23118"}],"wp:term":[{"taxonomy":"category","embeddable":true,"href":"https:\/\/www.cnbb.org.br\/cnbb-app\/wp\/v2\/categories?post=23118"},{"taxonomy":"post_tag","embeddable":true,"href":"https:\/\/www.cnbb.org.br\/cnbb-app\/wp\/v2\/tags?post=23118"}],"curies":[{"name":"wp","href":"https:\/\/api.w.org\/{rel}","templated":true}]}}