{"id":23127,"date":"2016-05-13T00:00:00","date_gmt":"2016-05-13T03:00:00","guid":{"rendered":"https:\/\/www.cnbb.org.br\/joao-pessoa-sediara-encontro-da-sociedade-brasileira-de-canonistas\/"},"modified":"2016-05-13T00:00:00","modified_gmt":"2016-05-13T03:00:00","slug":"joao-pessoa-sediara-encontro-da-sociedade-brasileira-de-canonistas","status":"publish","type":"post","link":"https:\/\/www.cnbb.org.br\/joao-pessoa-sediara-encontro-da-sociedade-brasileira-de-canonistas\/","title":{"rendered":"Jo\u00e3o Pessoa sediar\u00e1 Encontro da Sociedade Brasileira de Canonistas"},"content":{"rendered":"<p style=\"font-size: 12.16px;line-height: 15.808px\">Inscri\u00e7\u00f5es podem ser feitas at\u00e9 o dia 30 de junho<\/p>\n<p><!--more--><\/p>\n<p style=\"text-align: justify\">A Sociedade Brasileira de Canonistas, em parceria com a arquidiocese da Para\u00edba, promove o\u00a031\u00ba\u00a0Encontro da Sociedade Brasileira de Canonistas e\u00a034\u00ba Encontro dos Servidores dos Tribunais Eclesi\u00e1sticos do Brasil.<\/p>\n<p style=\"text-align: justify\">Os eventos, que ocorrer\u00e3o em Jo\u00e3o Pessoa (PB), de\u00a04 a 9 de julho, t\u00eam como objetivos\u00a0discutir o processo de declara\u00e7\u00e3o de nulidade do matrim\u00f4nio, ap\u00f3s o papa Francisco divulgar a Carta Apost\u00f3lica\u00a0<em>Mitis Iudex Dominus Iesus (MIDI)<\/em>, que trata do tema no\u00a0C\u00f3digo de Direito Can\u00f4nico,\u00a0e debater sobre\u00a0o papel dos tribunais, das c\u00e2maras e dos bispos no processo.<\/p>\n<p style=\"text-align: justify\">A forma\u00e7\u00e3o \u00e9 destinada a todos que se interessam pelo Direito Can\u00f4nico, em especial, os\u00a0vig\u00e1rios\u00a0judiciais,\u00a0ju\u00edzes,\u00a0defensores do\u00a0v\u00ednculo e oficiais dos\u00a0tribunais\u00a0eclesi\u00e1sticos. Ter\u00e1 as assessorias do\u00a0bispo auxiliar de S\u00e3o Paulo, dom S\u00e9rgio de Deus Borges; do padre Vicente Ferreira de Lima; dos presidente e secret\u00e1rio-geral da Sociedade Brasileira de Canonistas, respectivamente, c\u00f4nego Carlos Ant\u00f4nio da Silva e dom Hugo da Silva Cavalcante .<\/p>\n<p style=\"text-align: justify\">As inscri\u00e7\u00f5es para participar do encontro podem ser feitas at\u00e9 o dia 30 de junho, pelo e-mail: sbc@arquidiocesepb.org.br ou\u00a0<a href=\"mailto:sueliteil@gmail.com\">sueliteil@gmail.com<\/a><\/p>\n<h4 style=\"text-align: justify\">Programa\u00e7\u00e3o<\/h4>\n<p style=\"text-align: justify\">No dia 4 de julho, o arcebispo da Para\u00edba, dom Aldo de Cillo Pagotto, presidir\u00e1 missa de abertura, na Catedral de Nossa Senhora das Neves, \u00e0s 19h.<\/p>\n<p style=\"text-align: justify\">No decorrer do evento,\u00a0o secret\u00e1rio-geral da SBC, dom Hugo, far\u00e1 uma apresenta\u00e7\u00e3o geral do MIDI, \u00a0com explica\u00e7\u00f5es sobre a aplica\u00e7\u00e3o do Motu Proprio. Dom S\u00e9rgio de Deus Borges falar\u00e1\u00a0sobre a responsabilidade do bispo diocesano no novo processo de declara\u00e7\u00e3o de nulidade matrimonial. Padre Vicente Ferreira de Lima abordar\u00e1 as rela\u00e7\u00f5es entre os Tribunais Eclesi\u00e1sticos e as C\u00e2maras de Instru\u00e7\u00e3o Processual.<\/p>\n<p style=\"text-align: justify\">Ser\u00e3o realizadas\u00a0as\u00a0oficinas\u00a0sobre &#8220;modelos para o encaminhamento de processos documentais, breves e ordin\u00e1rios&#8221;, e para a Pastoral Familiar.<\/p>\n<p style=\"text-align: justify\">Para informa\u00e7\u00f5es acesse o site da\u00a0<a href=\"http:\/\/www.infosbc.org.br\/portal\/index.php\" target=\"_blank\" rel=\"noopener\">Sociedade Brasileira de Canonistas<\/a>.<\/p>\n","protected":false},"excerpt":{"rendered":"<p>Inscri\u00e7\u00f5es podem ser feitas at\u00e9 o dia 30 de junho<\/p>\n","protected":false},"author":83,"featured_media":23128,"comment_status":"open","ping_status":"open","sticky":false,"template":"","format":"standard","meta":{"site-sidebar-layout":"default","site-content-layout":"default","ast-global-header-display":"","ast-banner-title-visibility":"","ast-main-header-display":"","ast-hfb-above-header-display":"","ast-hfb-below-header-display":"","ast-hfb-mobile-header-display":"","site-post-title":"","ast-breadcrumbs-content":"","ast-featured-img":"","footer-sml-layout":"","theme-transparent-header-meta":"","adv-header-id-meta":"","stick-header-meta":"","header-above-stick-meta":"","header-main-stick-meta":"","header-below-stick-meta":""},"categories":[770,769],"tags":[],"acf":[],"_links":{"self":[{"href":"https:\/\/www.cnbb.org.br\/cnbb-app\/wp\/v2\/posts\/23127"}],"collection":[{"href":"https:\/\/www.cnbb.org.br\/cnbb-app\/wp\/v2\/posts"}],"about":[{"href":"https:\/\/www.cnbb.org.br\/cnbb-app\/wp\/v2\/types\/post"}],"author":[{"embeddable":true,"href":"https:\/\/www.cnbb.org.br\/cnbb-app\/wp\/v2\/users\/83"}],"replies":[{"embeddable":true,"href":"https:\/\/www.cnbb.org.br\/cnbb-app\/wp\/v2\/comments?post=23127"}],"version-history":[{"count":0,"href":"https:\/\/www.cnbb.org.br\/cnbb-app\/wp\/v2\/posts\/23127\/revisions"}],"wp:featuredmedia":[{"embeddable":true,"href":"https:\/\/www.cnbb.org.br\/cnbb-app\/wp\/v2\/media\/23128"}],"wp:attachment":[{"href":"https:\/\/www.cnbb.org.br\/cnbb-app\/wp\/v2\/media?parent=23127"}],"wp:term":[{"taxonomy":"category","embeddable":true,"href":"https:\/\/www.cnbb.org.br\/cnbb-app\/wp\/v2\/categories?post=23127"},{"taxonomy":"post_tag","embeddable":true,"href":"https:\/\/www.cnbb.org.br\/cnbb-app\/wp\/v2\/tags?post=23127"}],"curies":[{"name":"wp","href":"https:\/\/api.w.org\/{rel}","templated":true}]}}