{"id":23141,"date":"2016-08-16T00:00:00","date_gmt":"2016-08-16T03:00:00","guid":{"rendered":"https:\/\/www.cnbb.org.br\/imagem-da-padroeira-de-maceio-e-recolocada-no-altar-mor-da-catedral\/"},"modified":"2016-08-16T00:00:00","modified_gmt":"2016-08-16T03:00:00","slug":"imagem-da-padroeira-de-maceio-e-recolocada-no-altar-mor-da-catedral","status":"publish","type":"post","link":"https:\/\/www.cnbb.org.br\/imagem-da-padroeira-de-maceio-e-recolocada-no-altar-mor-da-catedral\/","title":{"rendered":"Imagem da padroeira de Macei\u00f3 \u00e9 recolocada no altar-mor da Catedral"},"content":{"rendered":"<p style=\"text-align: justify\">Imagem \u00e9 do s\u00e9culo XIX<\/p>\n<p><!--more--><\/p>\n<p style=\"text-align: justify\">Depois de dois anos, a imagem original da padroeira de Macei\u00f3, Nossa Senhora dos Prazeres, foi recolocada no altar-mor da Catedral Metropolitana. A cerim\u00f4nia foi realizada na segunda-feira, 15 de agosto.<\/p>\n<p style=\"text-align: justify\">A imagem de Nossa Senhora dos Prazeres \u00e9 do s\u00e9culo XIX e foi uma oferta do Bar\u00e3o de Atalaia. Ela chegou\u00a0\u00e0\u00a0\u00a0Catedral em 1859. Desde o dia de sua entroniza\u00e7\u00e3o ela s\u00f3 veio a ser retirada para ser restaurada, em 2014.<\/p>\n<p style=\"text-align: justify\">\u201cNo dia 15 de agosto, em que celebramos a Assun\u00e7\u00e3o de Nossa Senhora, quando ela \u00e9 elevada aos c\u00e9us, elevamos at\u00e9 seu nicho a imagem da Padroeira de nossa Cidade e da arquidiocese, pois de seu altar ela olha por todos n\u00f3s\u201d, comentou o arcebispo de Macei\u00f3, dom Ant\u00f4nio Muniz.<\/p>\n<p style=\"text-align: justify\">Depois da cerim\u00f4nia de entroniza\u00e7\u00e3o da imagem foi celebrada a\u00a0missa em prepara\u00e7\u00e3o dos\u00a0fi\u00e9is para a grande festa da\u00a0padroeira, que\u00a0come\u00e7a hoje,\u00a017, e se estender\u00e1 at\u00e9 o dia 27 de agosto, dia\u00a0de Nossa Senhora dos Prazeres.<\/p>\n<h4 style=\"text-align: justify\">Com informa\u00e7\u00f5es e foto da Pastoral da Comunica\u00e7\u00e3o da arquidiocese de Macei\u00f3<\/h4>\n<p>&nbsp;<\/p>\n","protected":false},"excerpt":{"rendered":"<p>Imagem \u00e9 do s\u00e9culo XIX<\/p>\n","protected":false},"author":83,"featured_media":23142,"comment_status":"open","ping_status":"open","sticky":false,"template":"","format":"standard","meta":{"site-sidebar-layout":"default","site-content-layout":"default","ast-global-header-display":"","ast-banner-title-visibility":"","ast-main-header-display":"","ast-hfb-above-header-display":"","ast-hfb-below-header-display":"","ast-hfb-mobile-header-display":"","site-post-title":"","ast-breadcrumbs-content":"","ast-featured-img":"","footer-sml-layout":"","theme-transparent-header-meta":"","adv-header-id-meta":"","stick-header-meta":"","header-above-stick-meta":"","header-main-stick-meta":"","header-below-stick-meta":""},"categories":[770,769],"tags":[],"acf":[],"_links":{"self":[{"href":"https:\/\/www.cnbb.org.br\/cnbb-app\/wp\/v2\/posts\/23141"}],"collection":[{"href":"https:\/\/www.cnbb.org.br\/cnbb-app\/wp\/v2\/posts"}],"about":[{"href":"https:\/\/www.cnbb.org.br\/cnbb-app\/wp\/v2\/types\/post"}],"author":[{"embeddable":true,"href":"https:\/\/www.cnbb.org.br\/cnbb-app\/wp\/v2\/users\/83"}],"replies":[{"embeddable":true,"href":"https:\/\/www.cnbb.org.br\/cnbb-app\/wp\/v2\/comments?post=23141"}],"version-history":[{"count":0,"href":"https:\/\/www.cnbb.org.br\/cnbb-app\/wp\/v2\/posts\/23141\/revisions"}],"wp:featuredmedia":[{"embeddable":true,"href":"https:\/\/www.cnbb.org.br\/cnbb-app\/wp\/v2\/media\/23142"}],"wp:attachment":[{"href":"https:\/\/www.cnbb.org.br\/cnbb-app\/wp\/v2\/media?parent=23141"}],"wp:term":[{"taxonomy":"category","embeddable":true,"href":"https:\/\/www.cnbb.org.br\/cnbb-app\/wp\/v2\/categories?post=23141"},{"taxonomy":"post_tag","embeddable":true,"href":"https:\/\/www.cnbb.org.br\/cnbb-app\/wp\/v2\/tags?post=23141"}],"curies":[{"name":"wp","href":"https:\/\/api.w.org\/{rel}","templated":true}]}}