{"id":23144,"date":"2016-10-21T00:00:00","date_gmt":"2016-10-21T02:00:00","guid":{"rendered":"https:\/\/www.cnbb.org.br\/vocacao-e-missao-da-familia-e-tema-da-assembleia-pastoral-do-regional-nordeste-2\/"},"modified":"2016-10-21T00:00:00","modified_gmt":"2016-10-21T02:00:00","slug":"vocacao-e-missao-da-familia-e-tema-da-assembleia-pastoral-do-regional-nordeste-2","status":"publish","type":"post","link":"https:\/\/www.cnbb.org.br\/vocacao-e-missao-da-familia-e-tema-da-assembleia-pastoral-do-regional-nordeste-2\/","title":{"rendered":"Voca\u00e7\u00e3o e Miss\u00e3o da Fam\u00edlia \u00e9 tema da Assembleia Pastoral do regional Nordeste 2"},"content":{"rendered":"<p style=\"text-align: justify\">Evento aconteceu nos dias 18 a 21 de outubro<\/p>\n<p>  <!--more-->  <\/p>\n<p style=\"text-align: justify\">O regional Nordeste 2 da Confer\u00eancia Nacional dos Bispos do Brasil (CNBB) realizou nos dias 18 a 21 de outubro, em Lagoa Seca, na Para\u00edba, a 51\u00aa Assembleia Pastoral do Regional. Este ano, a iniciativa abordou o tema \u201cVoca\u00e7\u00e3o e miss\u00e3o da fam\u00edlia no mundo contempor\u00e2neo\u201d e o lema \u201cO amor \u00e9 a nossa miss\u00e3o\u201d. \u00a0<\/p>\n<p style=\"text-align: justify\">Para refletir sobre a tem\u00e1tica foram convidados os bispos dom Jo\u00e3o Carlos Petrini, da diocese de Cama\u00e7ari (BA); dom Francisco de Sales Alencar Batista, de Cajazeiras (PA) e dom Genival Saraiva de Fran\u00e7a, bispo em\u00e9rito de Palmares. Tamb\u00e9m esteve presente o monsenhor Jos\u00e9 Nicodemos Rodrigo de Souza, Administrador Diocesano de Guarabira.<\/p>\n<p style=\"text-align: justify\">Segundo o arcebispo de Olinda e Recife e presidente do regional, dom Ant\u00f4nio Fernando Saburido, a presen\u00e7a de cada participante na Assembleia realiza, visivelmente, a unidade do regional. Para ele, o evento \u00e9 \u201ca concretiza\u00e7\u00e3o da alegria que canta o salmo 132, pelos irm\u00e3os e irm\u00e3s n\u00e3o somente estarem, mas viverem juntos, bem unidos\u201d.<\/p>\n<p style=\"text-align: justify\">Ainda de acordo com o bispo, a tem\u00e1tica discutida na Assembleia est\u00e1 em sintonia com as palavras do papa Francisco, especialmente quando o pont\u00edfice afirma que nenhuma fam\u00edlia \u00e9 uma realidade perfeita e confeccionada de uma vez para sempre.\u00a0<span style=\"font-size: 12.16px\">\u201cSendo a Igreja enviada pelo Mestre a todos os confins da terra, devemos, nesta hora do pontificado do papa Francisco, abra\u00e7ar a fam\u00edlia e todas as suas realidades\u201d, completa.<\/span><\/p>\n<h4 style=\"text-align: justify\">Prioridades<\/h4>\n<p style=\"text-align: justify\">Na 51\u00aa Assembleia, os participantes buscaram tra\u00e7ar objetivos a serem seguidos pelas par\u00f3quias do regional. Entre as prioridades discutidas estiveram a integra\u00e7\u00e3o da Pastoral Familiar, a Semana Nacional da Fam\u00edlia e a tradu\u00e7\u00e3o da <em>Amoris Laetitia<\/em> para uma linguagem mais acess\u00edvel.\u00a0<\/p>\n<p style=\"text-align: justify\">Para alcan\u00e7ar as prioridades, uma s\u00e9rie de palestras foram ministradas. Entre os temas discutidos estiveram \u201cOs desafios e possibilidades da fam\u00edlia no limiar do novo mil\u00eanio\u201d; &#8220;Desafios da Pastoral Familiar para a vida plena e a comunh\u00e3o mission\u00e1ria&#8221;; &#8220;Amoris Laetitia\u201d; \u201cAssocia\u00e7\u00f5es de Fam\u00edlias\u201d e \u201cFam\u00edlia e Ecologia Humana\u201d. Tamb\u00e9m fez parte da programa\u00e7\u00e3o, a divis\u00e3o de grupos por diocese a fim de abordar a tem\u00e1tica principal sob aspectos diferentes.<\/p>\n<p style=\"text-align: justify\">A pr\u00f3xima Assembleia do regional acontecer\u00e1 nos dias 17 a 20 de outubro de 2017 e ter\u00e1 como tema principal \u201cCaridade: a Igreja a servi\u00e7o da vida plena para todos\u201d.<\/p>\n<h4 style=\"text-align: justify\">Com informa\u00e7\u00f5es e foto do regional Nordeste 2<\/h4>\n<p>\u00a0<\/p>\n","protected":false},"excerpt":{"rendered":"<p>Evento aconteceu nos dias 18 a 21 de outubro<\/p>\n","protected":false},"author":83,"featured_media":23145,"comment_status":"open","ping_status":"open","sticky":false,"template":"","format":"standard","meta":{"site-sidebar-layout":"default","site-content-layout":"default","ast-global-header-display":"","ast-banner-title-visibility":"","ast-main-header-display":"","ast-hfb-above-header-display":"","ast-hfb-below-header-display":"","ast-hfb-mobile-header-display":"","site-post-title":"","ast-breadcrumbs-content":"","ast-featured-img":"","footer-sml-layout":"","theme-transparent-header-meta":"","adv-header-id-meta":"","stick-header-meta":"","header-above-stick-meta":"","header-main-stick-meta":"","header-below-stick-meta":""},"categories":[770,769],"tags":[],"acf":[],"_links":{"self":[{"href":"https:\/\/www.cnbb.org.br\/cnbb-app\/wp\/v2\/posts\/23144"}],"collection":[{"href":"https:\/\/www.cnbb.org.br\/cnbb-app\/wp\/v2\/posts"}],"about":[{"href":"https:\/\/www.cnbb.org.br\/cnbb-app\/wp\/v2\/types\/post"}],"author":[{"embeddable":true,"href":"https:\/\/www.cnbb.org.br\/cnbb-app\/wp\/v2\/users\/83"}],"replies":[{"embeddable":true,"href":"https:\/\/www.cnbb.org.br\/cnbb-app\/wp\/v2\/comments?post=23144"}],"version-history":[{"count":0,"href":"https:\/\/www.cnbb.org.br\/cnbb-app\/wp\/v2\/posts\/23144\/revisions"}],"wp:featuredmedia":[{"embeddable":true,"href":"https:\/\/www.cnbb.org.br\/cnbb-app\/wp\/v2\/media\/23145"}],"wp:attachment":[{"href":"https:\/\/www.cnbb.org.br\/cnbb-app\/wp\/v2\/media?parent=23144"}],"wp:term":[{"taxonomy":"category","embeddable":true,"href":"https:\/\/www.cnbb.org.br\/cnbb-app\/wp\/v2\/categories?post=23144"},{"taxonomy":"post_tag","embeddable":true,"href":"https:\/\/www.cnbb.org.br\/cnbb-app\/wp\/v2\/tags?post=23144"}],"curies":[{"name":"wp","href":"https:\/\/api.w.org\/{rel}","templated":true}]}}