{"id":23151,"date":"2009-04-20T00:00:00","date_gmt":"2009-04-20T03:00:00","guid":{"rendered":"https:\/\/www.cnbb.org.br\/a-igreja-que-peregrina-em-sao-paulo\/"},"modified":"2009-04-20T00:00:00","modified_gmt":"2009-04-20T03:00:00","slug":"a-igreja-que-peregrina-em-sao-paulo","status":"publish","type":"post","link":"https:\/\/www.cnbb.org.br\/a-igreja-que-peregrina-em-sao-paulo\/","title":{"rendered":"A Igreja que peregrina em S\u00e3o Paulo"},"content":{"rendered":"<p style=\"text-align: justify\">O tempo pascal \u00e9 marcado por uma din\u00e2mica muito intensa. As cenas das manifesta\u00e7\u00f5es do Ressuscitado aos seus disc\u00edpulos e disc\u00edpulas est\u00e3o cheias de movimento: \u00c9 Maria<\/p>\n<p><!--more--><\/p>\n<p>Madalena, com as outras mulheres, que corre ao t\u00famulo ainda de madrugada, para ungir o corpo de Jesus&#8230;\u00a0 Logo ela encontra o Ressuscitado, que a envia como mensageira da ressurrei\u00e7\u00e3o aos ap\u00f3stolos; estes j\u00e1 est\u00e3o na Galileia, perto do lago&#8230; Jesus promete encontr\u00e1-los l\u00e1 novamente. S\u00e3o os dois de Ema\u00fas, que caminham desiludidos e desanimados para sua casa; mas depois que reconhecem Jesus no partir do p\u00e3o, voltam correndo a Jerusal\u00e9m, naquela mesma noite, esquecidos do cansa\u00e7o!<\/p>\n<p style=\"text-align: justify\">E, para completar, Jesus ressuscitado n\u00e3o deixa ningu\u00e9m parado; antes de se elevar ao c\u00e9u, em gl\u00f3ria, envia os seus pelo mundo inteiro para pregar e testemunhar a Boa Nova. A eles juntaram-se Paulo, Barnab\u00e9, Jo\u00e3o Marcos, Lucas, Tito, Tim\u00f3teo e tantos outros; a boa not\u00edcia corre pelo mundo nos p\u00e9s dos amigos de Jesus; atravessa terras e mares, os s\u00e9culos e mil\u00eanios, e chegou at\u00e9 n\u00f3s. Hoje \u00e9 nossa vez de fazermos com que ela caminhe e chegue a todos os recantos e a todos os cora\u00e7\u00f5es.<\/p>\n<p style=\"text-align: justify\">Este ano paulino est\u00e1 sendo marcado em nossa Arquidiocese por uma s\u00e9rie de peregrina\u00e7\u00f5es&#8230; Poderia ser diferente, quando comemoramos os dois mil anos do nascimento do Ap\u00f3stolo-mission\u00e1rio por excel\u00eancia? Ele que fez tantas peregrina\u00e7\u00f5es por Jesus Cristo e pelo Evangelho, para alcan\u00e7ar os povos e as culturas da \u00e9poca? Ele mesmo escreve, quando j\u00e1 est\u00e1 preso: \u201cA Palavra de Deus n\u00e3o est\u00e1 acorrentada\u201d&#8230; podem prender os mission\u00e1rios, amea\u00e7\u00e1-los, cortar-lhes a cabe\u00e7a&#8230; mas a Palavra de Deus est\u00e1 livre, caminha e viaja, vai de boca em boca, de testemunho em testemunho&#8230;<\/p>\n<p style=\"text-align: justify\">N\u00e3o \u00e9 esta uma bela imagem daquilo que devemos ser hoje em S\u00e3o Paulo? Existem nesta cidade muitos lugares onde a Palavra quer chegar. Quem a levar\u00e1? O \u201cano catequ\u00e9tico nacional\u201d, aberto no dia 19 de abril em todo o Brasil, \u00e9 uma ocasi\u00e3o para darmos p\u00e9s e asas \u00e0 Palavra de Deus, a exemplo de S\u00e3o Paulo! Quanto \u00e9 importante a catequese na transmiss\u00e3o da f\u00e9, no amadurecimento da vida crist\u00e3! N\u00e3o \u00e9 um ano s\u00f3 para os catequistas: Este ano \u00e9 para ajudar a Igreja toda e cada cat\u00f3lico a se colocar na \u201cescola de Jesus\u201d&#8230; Podemos faz\u00ea-lo junto com Paulo, como bom pedagogo, que tanto quis levar todos a Cristo! Ele pode nos ajudar tamb\u00e9m!<\/p>\n<p style=\"text-align: justify\">Continuando nossas peregrina\u00e7\u00f5es, no domingo, dia 26 de abril, \u00e0s 15h00, teremos a peregrina\u00e7\u00e3o da Regi\u00e3o Episcopal Lapa \u00e0 Catedral da S\u00e9, onde se encontra a imagem de nosso Patrono. E tamb\u00e9m, no mesmo dia e hor\u00e1rio, uma outra peregrina\u00e7\u00e3o muito especial \u00e0 S\u00e9 de S\u00e3o Paulo: os bispos de todo o Brasil vir\u00e3o de Itaici, onde se encontram reunidos em Assembl\u00e9ia Geral, em peregrina\u00e7\u00e3o para junto de S\u00e3o Paulo; na pessoa dos seus pastores, na Catedral de S\u00e3o Paulo, estar\u00e3o representadas as comunidades de todo o Brasil! Est\u00e3o todos convidados a se unirem a esta Igreja peregrina, que quer deixar-se contagiar pela f\u00e9 e pelo ardor mission\u00e1rio deste grande disc\u00edpulo e amigo de Jesus!<\/p>\n<p style=\"text-align: justify\">E n\u00e3o vamos parar por a\u00ed: no dia 3 de maio, primeiro domingo de maio, teremos nossa 108\u00aa. romaria arquidiocesana a Aparecida. Ser\u00e1 outro momento bonito; nossa Missa ser\u00e1 \u00e0s 10h00 na Bas\u00edlica da Padroeira do Brasil, a M\u00e3e de Deus e nossa., sem pecado concebida&#8230;\u00a0 Convido todas as comunidades a se organizarem, alugando \u00f4nibus, divulgando a peregrina\u00e7\u00e3o, preparando suas faixas&#8230;\u00a0 Com Maria, a Rainha do C\u00e9u, vivemos este tempo de alegria pascal e queremos express\u00e1-lo com nossa presen\u00e7a na sua casa, na casa da M\u00e3e.<\/p>\n<p style=\"text-align: justify\">A vida crist\u00e3 \u00e9 uma peregrina\u00e7\u00e3o constante&#8230; \u00c9 S\u00e3o Paulo ainda que nos diz: n\u00e3o temos aqui morada permanente, mas estamos a caminho da cidade que h\u00e1 de vir&#8230; Nossas romarias e peregrina\u00e7\u00f5es nos lembram isso&#8230; E o bonito \u00e9 que n\u00e3o andamos sem rumo, como ovelhas perdidas&#8230; Temos \u00e0 nossa frente o Bom Pastor, que \u00e9 o \u201ccaminho, a verdade e a vida\u201d. Quem segue seus passos, n\u00e3o erra a estrada; E quem n\u00e3o anda sozinho, mas fica unido a esse povo que caminha, pode ficar seguro de sua f\u00e9. E temos muitos bons guias e servidores do Bom pastor, que nos apontam sempre de novo por onde vai a estrada de Jesus; Paulo, Anchieta, Frei Galv\u00e3o, Santa Paulina, Padre Mariano e tantos outros experientes disc\u00edpulos e mission\u00e1rios de Jesus, nos acompanham e encorajam no nosso caminhar; eles nos estendem a m\u00e3o e intercedem por n\u00f3s junto de Deus&#8230; Com eles v\u00e3os bem acompanhados!<\/p>\n<p style=\"text-align: justify\">Igreja peregrina em S\u00e3o Paulo, tenhamos coragem e alegria! N\u00e3o vamos s\u00f3s, Ele est\u00e1 no meio de n\u00f3s e nos acompanha!<\/p>\n","protected":false},"excerpt":{"rendered":"<p>O tempo pascal \u00e9 marcado por uma din\u00e2mica muito intensa. As cenas das manifesta\u00e7\u00f5es do Ressuscitado aos seus disc\u00edpulos e disc\u00edpulas est\u00e3o cheias de movimento: \u00c9 Maria<\/p>\n","protected":false},"author":83,"featured_media":0,"comment_status":"open","ping_status":"open","sticky":false,"template":"","format":"standard","meta":{"site-sidebar-layout":"default","site-content-layout":"default","ast-global-header-display":"","ast-banner-title-visibility":"","ast-main-header-display":"","ast-hfb-above-header-display":"","ast-hfb-below-header-display":"","ast-hfb-mobile-header-display":"","site-post-title":"","ast-breadcrumbs-content":"","ast-featured-img":"","footer-sml-layout":"","theme-transparent-header-meta":"","adv-header-id-meta":"","stick-header-meta":"","header-above-stick-meta":"","header-main-stick-meta":"","header-below-stick-meta":""},"categories":[769,772],"tags":[],"acf":[],"_links":{"self":[{"href":"https:\/\/www.cnbb.org.br\/cnbb-app\/wp\/v2\/posts\/23151"}],"collection":[{"href":"https:\/\/www.cnbb.org.br\/cnbb-app\/wp\/v2\/posts"}],"about":[{"href":"https:\/\/www.cnbb.org.br\/cnbb-app\/wp\/v2\/types\/post"}],"author":[{"embeddable":true,"href":"https:\/\/www.cnbb.org.br\/cnbb-app\/wp\/v2\/users\/83"}],"replies":[{"embeddable":true,"href":"https:\/\/www.cnbb.org.br\/cnbb-app\/wp\/v2\/comments?post=23151"}],"version-history":[{"count":0,"href":"https:\/\/www.cnbb.org.br\/cnbb-app\/wp\/v2\/posts\/23151\/revisions"}],"wp:attachment":[{"href":"https:\/\/www.cnbb.org.br\/cnbb-app\/wp\/v2\/media?parent=23151"}],"wp:term":[{"taxonomy":"category","embeddable":true,"href":"https:\/\/www.cnbb.org.br\/cnbb-app\/wp\/v2\/categories?post=23151"},{"taxonomy":"post_tag","embeddable":true,"href":"https:\/\/www.cnbb.org.br\/cnbb-app\/wp\/v2\/tags?post=23151"}],"curies":[{"name":"wp","href":"https:\/\/api.w.org\/{rel}","templated":true}]}}