{"id":23158,"date":"2010-04-20T00:00:00","date_gmt":"2010-04-20T03:00:00","guid":{"rendered":"https:\/\/www.cnbb.org.br\/cardeal-se-reune-com-1400-jovens-em-salvador\/"},"modified":"2010-04-20T00:00:00","modified_gmt":"2010-04-20T03:00:00","slug":"cardeal-se-reune-com-1400-jovens-em-salvador","status":"publish","type":"post","link":"https:\/\/www.cnbb.org.br\/cardeal-se-reune-com-1400-jovens-em-salvador\/","title":{"rendered":"Cardeal se re\u00fane com 1400 jovens em Salvador"},"content":{"rendered":"<p style=\"text-align: justify\">Um momento de forma\u00e7\u00e3o e descontra\u00e7\u00e3o. Assim foi o encontro do primaz do Brasil e arcebispo de Salvador, cardeal dom Geraldo Majella Agnelo, com 1400 crismandos. O evento aconteceu no \u00faltimo domingo, 18, no Col\u00e9gio Sacramentinas, em Salvador, atraindo jovens de todas as par\u00f3quias da arquidiocese que se preparam para receber o sacramento da confirma\u00e7\u00e3o.<\/p>\n<p>  <!--more-->  <\/p>\n<p style=\"text-align: justify\">O evento acontece h\u00e1 cinco anos, e nesta edi\u00e7\u00e3o o tema escolhido foi \u201cVida eterna: o que fazer para alcan\u00e7\u00e1-la\u201d, inspirado na mensagem do papa Bento XVI para a 25\u00aa Jornada Mundial da Juventude. Dom Geraldo estava animado, respondeu as perguntas dos jovens e junto com eles riu em alguns momentos.<\/p>\n<p style=\"text-align: justify\">As quest\u00f5es levantadas foram as mais diversas; desde d\u00favidas sobre o catolicismo at\u00e9 a participa\u00e7\u00e3o dos jovens nas festas de carnaval. Apresenta\u00e7\u00f5es musicais e de dan\u00e7a tamb\u00e9m integraram a programa\u00e7\u00e3o que foi encerrada com uma celebra\u00e7\u00e3o Eucar\u00edstica presidida por dom Geraldo.<\/p>\n","protected":false},"excerpt":{"rendered":"<p>Um momento de forma\u00e7\u00e3o e descontra\u00e7\u00e3o. Assim foi o encontro do primaz do Brasil e arcebispo de Salvador, cardeal dom Geraldo Majella Agnelo, com 1400 crismandos. O evento aconteceu no \u00faltimo domingo, 18, no Col\u00e9gio Sacramentinas, em Salvador, atraindo jovens de todas as par\u00f3quias da arquidiocese que se preparam para receber o sacramento da confirma\u00e7\u00e3o.<\/p>\n","protected":false},"author":83,"featured_media":23159,"comment_status":"open","ping_status":"open","sticky":false,"template":"","format":"standard","meta":{"site-sidebar-layout":"default","site-content-layout":"default","ast-global-header-display":"","ast-banner-title-visibility":"","ast-main-header-display":"","ast-hfb-above-header-display":"","ast-hfb-below-header-display":"","ast-hfb-mobile-header-display":"","site-post-title":"","ast-breadcrumbs-content":"","ast-featured-img":"","footer-sml-layout":"","theme-transparent-header-meta":"","adv-header-id-meta":"","stick-header-meta":"","header-above-stick-meta":"","header-main-stick-meta":"","header-below-stick-meta":""},"categories":[789,769],"tags":[],"acf":[],"_links":{"self":[{"href":"https:\/\/www.cnbb.org.br\/cnbb-app\/wp\/v2\/posts\/23158"}],"collection":[{"href":"https:\/\/www.cnbb.org.br\/cnbb-app\/wp\/v2\/posts"}],"about":[{"href":"https:\/\/www.cnbb.org.br\/cnbb-app\/wp\/v2\/types\/post"}],"author":[{"embeddable":true,"href":"https:\/\/www.cnbb.org.br\/cnbb-app\/wp\/v2\/users\/83"}],"replies":[{"embeddable":true,"href":"https:\/\/www.cnbb.org.br\/cnbb-app\/wp\/v2\/comments?post=23158"}],"version-history":[{"count":0,"href":"https:\/\/www.cnbb.org.br\/cnbb-app\/wp\/v2\/posts\/23158\/revisions"}],"wp:featuredmedia":[{"embeddable":true,"href":"https:\/\/www.cnbb.org.br\/cnbb-app\/wp\/v2\/media\/23159"}],"wp:attachment":[{"href":"https:\/\/www.cnbb.org.br\/cnbb-app\/wp\/v2\/media?parent=23158"}],"wp:term":[{"taxonomy":"category","embeddable":true,"href":"https:\/\/www.cnbb.org.br\/cnbb-app\/wp\/v2\/categories?post=23158"},{"taxonomy":"post_tag","embeddable":true,"href":"https:\/\/www.cnbb.org.br\/cnbb-app\/wp\/v2\/tags?post=23158"}],"curies":[{"name":"wp","href":"https:\/\/api.w.org\/{rel}","templated":true}]}}