{"id":23171,"date":"2010-07-27T00:00:00","date_gmt":"2010-07-27T03:00:00","guid":{"rendered":"https:\/\/www.cnbb.org.br\/1o-semana-da-cidadania-da-diocese-de-itabuna\/"},"modified":"2010-07-27T00:00:00","modified_gmt":"2010-07-27T03:00:00","slug":"1o-semana-da-cidadania-da-diocese-de-itabuna","status":"publish","type":"post","link":"https:\/\/www.cnbb.org.br\/1o-semana-da-cidadania-da-diocese-de-itabuna\/","title":{"rendered":"1\u00aa Semana da Cidadania da diocese de Itabuna"},"content":{"rendered":"<p style=\"text-align: justify\">O evento foi aberto no dia 22, no audit\u00f3rio Paulo Souto, na Universidade Estadual de Santa Cruz (UESC), em Itabuna (BA), e teve como destaque a reflex\u00e3o do secret\u00e1rio geral da Confer\u00eancia Nacional dos Bispos do Brasil (CNBB), dom Dimas Lara Barbosa.<\/p>\n<p><!--more--><\/p>\n<p style=\"text-align: justify\">Dom Dimas que falou sobre \u201cDisc\u00edpulos e Servidores da Palavra de Deus e a Miss\u00e3o da Igreja no mundo\u201d. Baseando-se no documento de Aparecida e na \u00faltima Assembleia da CNBB, tendo como eixo a centralidade da Palavra de Deus. O secret\u00e1rio geral destacou a import\u00e2ncia da B\u00edblia na m\u00e3o do Povo, em dar condi\u00e7\u00f5es para as pessoas compreender a Palavra, estudo, reflex\u00f5es. Salientou que a b\u00edblia \u00e9 a Palavra de Deus e est\u00e1 em contato com ela, a pessoa entra em contato com o pr\u00f3prio Jesus.<\/p>\n<p style=\"text-align: justify\"><img decoding=\"async\" loading=\"lazy\" class=\" alignright size-full wp-image-5724\" style=\"float: right\" src=\"https:\/\/www.cnbb.org.br\/wp-content\/uploads\/2020\/03\/Bispo_de_Itabuna.jpg\" alt=\"Bispo_de_Itabuna\" width=\"550\" height=\"413\" \/>A mesa de abertura foi composta pelo bispo diocesano de Itabuna, dom Ceslau Stanula, o presidente da Ordem dos Advogados do Brasil, Subse\u00e7\u00e3o de Itabuna, Andirlei Nascimento, representando o Minist\u00e9rio P\u00fablico Estadual, Clodoaldo Anuncia\u00e7\u00e3o, pela Defensoria P\u00fablica Estadual, George Ara\u00fajo, o diretor da Faculdade de Tecnologia e Ci\u00eancia, Cristiano Lobo, o tenente Bacelar representando a Pol\u00edcia Rodovi\u00e1ria Estadual, o pr\u00f3-reitor de extens\u00e3o da Universidade Estadual de Santa Cruz, Raimundo Bomfim.<\/p>\n<p style=\"text-align: justify\">No dia 23, em todas as par\u00f3quias do Vicariato Centro (cidade de Itabuna) realizaram atividades, todas voltadas para o tema central da semana \u201cCidadania, Miss\u00e3o do Cristo\u201d. As Pastorais Sociais junto com alguns Movimentos Sociais deram inicio a Campanha do Plebiscito Popular pelo Limite da Propriedade da Terra, que vai se estender at\u00e9 o dia 7 de setembro, no Grito dos Exclu\u00eddos.<\/p>\n<p style=\"text-align: justify\">Dom Ceslau Stanula, destacou que a miss\u00e3o do Crist\u00e3o \u00e9 a constru\u00e7\u00e3o da cidadania, muito bem expressa no Evangelho de Jo\u00e3o, quando Jesus, afirma que \u201cEle veio para que todos\u00a0 tenham vida e a tenham em Abund\u00e2ncia\u201d. Frisou bastante que a cidadania \u00e9 uma constru\u00e7\u00e3o coletiva, e n\u00e3o apenas de alguns, mas de todos os cidad\u00e3os de bem.<\/p>\n","protected":false},"excerpt":{"rendered":"<p>O evento foi aberto no dia 22, no audit\u00f3rio Paulo Souto, na Universidade Estadual de Santa Cruz (UESC), em Itabuna (BA), e teve como destaque a reflex\u00e3o do secret\u00e1rio geral da Confer\u00eancia Nacional dos Bispos do Brasil (CNBB), dom Dimas Lara Barbosa.<\/p>\n","protected":false},"author":83,"featured_media":23172,"comment_status":"open","ping_status":"open","sticky":false,"template":"","format":"standard","meta":{"site-sidebar-layout":"default","site-content-layout":"default","ast-global-header-display":"","ast-banner-title-visibility":"","ast-main-header-display":"","ast-hfb-above-header-display":"","ast-hfb-below-header-display":"","ast-hfb-mobile-header-display":"","site-post-title":"","ast-breadcrumbs-content":"","ast-featured-img":"","footer-sml-layout":"","theme-transparent-header-meta":"","adv-header-id-meta":"","stick-header-meta":"","header-above-stick-meta":"","header-main-stick-meta":"","header-below-stick-meta":""},"categories":[789,769],"tags":[],"acf":[],"_links":{"self":[{"href":"https:\/\/www.cnbb.org.br\/cnbb-app\/wp\/v2\/posts\/23171"}],"collection":[{"href":"https:\/\/www.cnbb.org.br\/cnbb-app\/wp\/v2\/posts"}],"about":[{"href":"https:\/\/www.cnbb.org.br\/cnbb-app\/wp\/v2\/types\/post"}],"author":[{"embeddable":true,"href":"https:\/\/www.cnbb.org.br\/cnbb-app\/wp\/v2\/users\/83"}],"replies":[{"embeddable":true,"href":"https:\/\/www.cnbb.org.br\/cnbb-app\/wp\/v2\/comments?post=23171"}],"version-history":[{"count":0,"href":"https:\/\/www.cnbb.org.br\/cnbb-app\/wp\/v2\/posts\/23171\/revisions"}],"wp:featuredmedia":[{"embeddable":true,"href":"https:\/\/www.cnbb.org.br\/cnbb-app\/wp\/v2\/media\/23172"}],"wp:attachment":[{"href":"https:\/\/www.cnbb.org.br\/cnbb-app\/wp\/v2\/media?parent=23171"}],"wp:term":[{"taxonomy":"category","embeddable":true,"href":"https:\/\/www.cnbb.org.br\/cnbb-app\/wp\/v2\/categories?post=23171"},{"taxonomy":"post_tag","embeddable":true,"href":"https:\/\/www.cnbb.org.br\/cnbb-app\/wp\/v2\/tags?post=23171"}],"curies":[{"name":"wp","href":"https:\/\/api.w.org\/{rel}","templated":true}]}}