{"id":23181,"date":"2010-09-09T00:00:00","date_gmt":"2010-09-09T03:00:00","guid":{"rendered":"https:\/\/www.cnbb.org.br\/bento-xvi-recebe-mais-um-grupo-de-bispos-do-regional-nordeste-3\/"},"modified":"2010-09-09T00:00:00","modified_gmt":"2010-09-09T03:00:00","slug":"bento-xvi-recebe-mais-um-grupo-de-bispos-do-regional-nordeste-3","status":"publish","type":"post","link":"https:\/\/www.cnbb.org.br\/bento-xvi-recebe-mais-um-grupo-de-bispos-do-regional-nordeste-3\/","title":{"rendered":"Bento XVI recebe mais um grupo de bispos do Regional Nordeste 3"},"content":{"rendered":"<p style=\"text-align: justify\">Bento XVI recebeu na manh\u00e3 desta quinta-feira, na resid\u00eancia apost\u00f3lica, em Castel Gandolfo, mais um grupo de bispos do Regional Nordeste 3 da CNBB (Bahia e Sergipe) que est\u00e3o em visita Ad Limina desde o dia 1\u00ba de setembro.<\/p>\n<p><!--more--><\/p>\n<p style=\"text-align: justify\">Do estado da Bahia, o papa recebeu hoje o bispo de Bonfim, dom Francisco Canind\u00e9 Palhano; o bispo de Irec\u00ea, dom Tommaso Cascianelli; o bispo de Juazeiro, dom Jos\u00e9 Geraldo da Cruz; o bispo de Paulo Afonso, dom Guido Zendron, e o bispo de Ruy Barbosa, dom Andr\u00e9 de Witte.<\/p>\n<p style=\"text-align: justify\">Em entrevista \u00e0 R\u00e1dio Vaticano, o bispo auxiliar de Salvador, dom Jo\u00e3o Carlos Petrini, falou sobre algumas recomenda\u00e7\u00f5es dadas pelo papa aos bispos em rela\u00e7\u00e3o ao ouvir o povo de Deus.<\/p>\n<p style=\"text-align: justify\">\u201cNas Congrega\u00e7\u00f5es que passamos, durante a visita, estamos sendo lembrados de termos um cuidado amoroso com o povo para n\u00e3o passarmos por cima da religiosidade popular. Somos pedidos para respeitar e valorizar a riqueza de f\u00e9 que espontaneamente o povo brasileiro tem e para acolher e abra\u00e7ar com o Evangelho de Jesus toda essa realidade de sofrimento e riqueza humana que o povo brasileiro carrega\u201d, disse o bispo.<\/p>\n<p style=\"text-align: justify\">Ainda na entrevista, dom Jo\u00e3o Petrini disse que o papa Bento XVI est\u00e1 fazendo os cat\u00f3licos nos dias de hoje redescobrirem outra dimens\u00e3o do catolicismo. \u201cAs pessoas de idade mais avan\u00e7ada receberam o catolicismo como um conjunto de regras e deveres pesados: deve fazer isso, n\u00e3o pode fazer isso. E agora, gra\u00e7as a Bento XVI, estamos redescobrindo outra dimens\u00e3o do catolicismo que nos conduz a experimentar uma vida cem vezes mais digna, humana, gra\u00e7as \u00e0 presen\u00e7a de Jesus. Essa dimens\u00e3o sempre ficou em segundo plano, mas agora, o papa traz de volta e nos convida e fala da alegria e do entusiasmo de sermos verdadeiramente mission\u00e1rios\u201d, completou dom Petrini.<\/p>\n<p style=\"text-align: justify\">A visita Ad Limina, do Regional Nordeste 3, termina no pr\u00f3ximo dia 11 de setembro.<\/p>\n","protected":false},"excerpt":{"rendered":"<p>Bento XVI recebeu na manh\u00e3 desta quinta-feira, na resid\u00eancia apost\u00f3lica, em Castel Gandolfo, mais um grupo de bispos do Regional Nordeste 3 da CNBB (Bahia e Sergipe) que est\u00e3o em visita Ad Limina desde o dia 1\u00ba de setembro.<\/p>\n","protected":false},"author":83,"featured_media":18714,"comment_status":"open","ping_status":"open","sticky":false,"template":"","format":"standard","meta":{"site-sidebar-layout":"default","site-content-layout":"default","ast-global-header-display":"","ast-banner-title-visibility":"","ast-main-header-display":"","ast-hfb-above-header-display":"","ast-hfb-below-header-display":"","ast-hfb-mobile-header-display":"","site-post-title":"","ast-breadcrumbs-content":"","ast-featured-img":"","footer-sml-layout":"","theme-transparent-header-meta":"","adv-header-id-meta":"","stick-header-meta":"","header-above-stick-meta":"","header-main-stick-meta":"","header-below-stick-meta":""},"categories":[784],"tags":[],"acf":[],"_links":{"self":[{"href":"https:\/\/www.cnbb.org.br\/cnbb-app\/wp\/v2\/posts\/23181"}],"collection":[{"href":"https:\/\/www.cnbb.org.br\/cnbb-app\/wp\/v2\/posts"}],"about":[{"href":"https:\/\/www.cnbb.org.br\/cnbb-app\/wp\/v2\/types\/post"}],"author":[{"embeddable":true,"href":"https:\/\/www.cnbb.org.br\/cnbb-app\/wp\/v2\/users\/83"}],"replies":[{"embeddable":true,"href":"https:\/\/www.cnbb.org.br\/cnbb-app\/wp\/v2\/comments?post=23181"}],"version-history":[{"count":0,"href":"https:\/\/www.cnbb.org.br\/cnbb-app\/wp\/v2\/posts\/23181\/revisions"}],"wp:featuredmedia":[{"embeddable":true,"href":"https:\/\/www.cnbb.org.br\/cnbb-app\/wp\/v2\/media\/18714"}],"wp:attachment":[{"href":"https:\/\/www.cnbb.org.br\/cnbb-app\/wp\/v2\/media?parent=23181"}],"wp:term":[{"taxonomy":"category","embeddable":true,"href":"https:\/\/www.cnbb.org.br\/cnbb-app\/wp\/v2\/categories?post=23181"},{"taxonomy":"post_tag","embeddable":true,"href":"https:\/\/www.cnbb.org.br\/cnbb-app\/wp\/v2\/tags?post=23181"}],"curies":[{"name":"wp","href":"https:\/\/api.w.org\/{rel}","templated":true}]}}