{"id":23208,"date":"2011-05-26T00:00:00","date_gmt":"2011-05-26T03:00:00","guid":{"rendered":"https:\/\/www.cnbb.org.br\/diocese-de-balsas-e-destaque-na-elaboracao-de-projetos-sociais-no-interior-do-maranhao\/"},"modified":"2011-05-26T00:00:00","modified_gmt":"2011-05-26T03:00:00","slug":"diocese-de-balsas-e-destaque-na-elaboracao-de-projetos-sociais-no-interior-do-maranhao","status":"publish","type":"post","link":"https:\/\/www.cnbb.org.br\/diocese-de-balsas-e-destaque-na-elaboracao-de-projetos-sociais-no-interior-do-maranhao\/","title":{"rendered":"Diocese de Balsas \u00e9 destaque na elabora\u00e7\u00e3o de projetos sociais no interior do Maranh\u00e3o"},"content":{"rendered":"<p style=\"text-align: justify\">A diocese de Balsas (MA) participa ativamente do crescimento da regi\u00e3o sul do Maranh\u00e3o com projetos sociais. Os bispos que passaram pela diocese trabalharam para somar no desenvolvimento das cidades que comp\u00f5em a diocese. Destaque para alguns projetos e institui\u00e7\u00f5es localizados em Balsas, Fortaleza dos Nogueiras e S\u00e3o Raimundo das Mangabeiras.<\/p>\n<p><!--more--><\/p>\n<p style=\"text-align: justify\">O Projeto Vida Feliz, \u00e9 um deles. Est\u00e1 localizado na cidade de S\u00e3o Raimundo das Mangabeiras, pequena cidade com 17 mil habitantes, 95 km da sede da c\u00faria da diocese de Balsas. Tem como coordenador Geral, o padre Gian Franco, respons\u00e1vel pela Par\u00f3quia Bom Jesus da Lapa, na cidade de Samba\u00edba.<\/p>\n<p style=\"text-align: justify\">O projeto foi fundado em 2003, tendo como objetivo atender crian\u00e7as carentes, ajudando na forma\u00e7\u00e3o de cidad\u00e3os livres, cr\u00edticos e conscientes, capazes de transformar a realidade social em que vivem.<\/p>\n<p style=\"text-align: justify\"><img decoding=\"async\" loading=\"lazy\" class=\" alignleft size-full wp-image-9957\" style=\"float: left\" src=\"https:\/\/www.cnbb.org.br\/wp-content\/uploads\/2020\/03\/maranha1.jpg\" alt=\"maranha1\" width=\"300\" height=\"195\" \/>Atualmente o projeto atende 110 crian\u00e7as de 7 a 16 anos, oferecendo diversas atividades, como aulas de capoeira, esportes, refor\u00e7o escolar,\u00a0 bordado, croch\u00ea, reciclagem, trabalho em gesso, pinturas, religiosidade e outras atividades que ajudam na forma\u00e7\u00e3o de cidad\u00e3os conscientes de seus direitos e deveres.<\/p>\n<p style=\"text-align: justify\">Atualmente o projeto \u00e9 acompanhado por dois presb\u00edteros, padre Jo\u00e3o Franco e padre \u00c1ires. No acompanhamento do projeto, existem 13 educadores, dentre elas 10 contratados e tr\u00eas volunt\u00e1rios. Segundo os coordenadores, o projeto tem como perspectivas futuras a auto-sustenta\u00e7\u00e3o atrav\u00e9s de parcerias.<\/p>\n<p style=\"text-align: justify\">J\u00e1 o projeto Vida Nova, est\u00e1 localizado na cidade de Fortaleza dos Nogueiras, cidade do sul do Maranh\u00e3o, que faz parte da diocese de Balsas, e conta com pouco mais de 10 mil habitantes. O projeto Vida Nova foi fundado em 1999 pelas irm\u00e3s Franciscanas do Verbo Encarnado e por algumas lideran\u00e7as da comunidade. Atualmente tem como coordenadoras as\u00a0 Irm\u00e3s Claudete Carvalho e Antonia Le\u00f4ncio.<\/p>\n<p style=\"text-align: justify\">Nesse ano o projeto conta com 440 crian\u00e7as carentes com faixa et\u00e1ria de 1 a 12 anos. S\u00e3o 59 pessoas envolvidas diretamente no projeto, dentre elas, 28 s\u00e3o contratadas, 54 volunt\u00e1rios e tr\u00eas cedidas pela Prefeitura Municipal.<\/p>\n<p style=\"text-align: justify\">A institui\u00e7\u00e3o funciona em dois turnos e trabalha com terapia ocupacional e forma\u00e7\u00e3o para pais e educadores.<\/p>\n<p style=\"text-align: justify\">As principais atividades realizadas no projeto Vida Nova s\u00e3o os refor\u00e7os escolares, alimenta\u00e7\u00e3o, esporte e lazer, integra\u00e7\u00e3o, forma\u00e7\u00e3o religiosa, educa\u00e7\u00e3o para a cidadania e horticultura.<\/p>\n","protected":false},"excerpt":{"rendered":"<p>A diocese de Balsas (MA) participa ativamente do crescimento da regi\u00e3o sul do Maranh\u00e3o com projetos sociais. Os bispos que passaram pela diocese trabalharam para somar no desenvolvimento das cidades que comp\u00f5em a diocese. Destaque para alguns projetos e institui\u00e7\u00f5es localizados em Balsas, Fortaleza dos Nogueiras e S\u00e3o Raimundo das Mangabeiras.<\/p>\n","protected":false},"author":83,"featured_media":23209,"comment_status":"open","ping_status":"open","sticky":false,"template":"","format":"standard","meta":{"site-sidebar-layout":"default","site-content-layout":"default","ast-global-header-display":"","ast-banner-title-visibility":"","ast-main-header-display":"","ast-hfb-above-header-display":"","ast-hfb-below-header-display":"","ast-hfb-mobile-header-display":"","site-post-title":"","ast-breadcrumbs-content":"","ast-featured-img":"","footer-sml-layout":"","theme-transparent-header-meta":"","adv-header-id-meta":"","stick-header-meta":"","header-above-stick-meta":"","header-main-stick-meta":"","header-below-stick-meta":""},"categories":[789,769],"tags":[],"acf":[],"_links":{"self":[{"href":"https:\/\/www.cnbb.org.br\/cnbb-app\/wp\/v2\/posts\/23208"}],"collection":[{"href":"https:\/\/www.cnbb.org.br\/cnbb-app\/wp\/v2\/posts"}],"about":[{"href":"https:\/\/www.cnbb.org.br\/cnbb-app\/wp\/v2\/types\/post"}],"author":[{"embeddable":true,"href":"https:\/\/www.cnbb.org.br\/cnbb-app\/wp\/v2\/users\/83"}],"replies":[{"embeddable":true,"href":"https:\/\/www.cnbb.org.br\/cnbb-app\/wp\/v2\/comments?post=23208"}],"version-history":[{"count":0,"href":"https:\/\/www.cnbb.org.br\/cnbb-app\/wp\/v2\/posts\/23208\/revisions"}],"wp:featuredmedia":[{"embeddable":true,"href":"https:\/\/www.cnbb.org.br\/cnbb-app\/wp\/v2\/media\/23209"}],"wp:attachment":[{"href":"https:\/\/www.cnbb.org.br\/cnbb-app\/wp\/v2\/media?parent=23208"}],"wp:term":[{"taxonomy":"category","embeddable":true,"href":"https:\/\/www.cnbb.org.br\/cnbb-app\/wp\/v2\/categories?post=23208"},{"taxonomy":"post_tag","embeddable":true,"href":"https:\/\/www.cnbb.org.br\/cnbb-app\/wp\/v2\/tags?post=23208"}],"curies":[{"name":"wp","href":"https:\/\/api.w.org\/{rel}","templated":true}]}}