{"id":23217,"date":"2011-07-22T00:00:00","date_gmt":"2011-07-22T03:00:00","guid":{"rendered":"https:\/\/www.cnbb.org.br\/diocese-de-juazeiro-da-inicio-a-celebracao-do-seu-jubileu-de-ouro\/"},"modified":"2011-07-22T00:00:00","modified_gmt":"2011-07-22T03:00:00","slug":"diocese-de-juazeiro-da-inicio-a-celebracao-do-seu-jubileu-de-ouro","status":"publish","type":"post","link":"https:\/\/www.cnbb.org.br\/diocese-de-juazeiro-da-inicio-a-celebracao-do-seu-jubileu-de-ouro\/","title":{"rendered":"Diocese de Juazeiro d\u00e1 in\u00edcio \u00e0 celebra\u00e7\u00e3o do seu Jubileu de Ouro"},"content":{"rendered":"<p style=\"text-align: justify\">Nesta quinta-feira, 21, a diocese de Juazeiro (BA) fez o lan\u00e7amento do Ano Jubilar que comemora os 50 anos de sua funda\u00e7\u00e3o pelo papa Jo\u00e3o XXIII, em 1962. Uma Missa Solene foi celebrada na catedral \u00e0s 19h30, presidida bispo diocesano e vice-presidente do Regional Nordeste 3 da CNBB (Bahia e Sergipe), dom Jos\u00e9 Geraldo da Cruz; e concelebrada pelo arcebispo de Vit\u00f3ria da Conquista (BA) e presidente do Regional, dom Luiz Gonzaga Silva Pepeu, e padres da Igreja local. A missa marcou o in\u00edcio do per\u00edodo festivo.<\/p>\n<p><!--more--><\/p>\n<p style=\"text-align: justify\">Dom Jos\u00e9 Geraldo convocou toda a comunidade cat\u00f3lica da diocese (nove munic\u00edpios do norte baiano e 14 par\u00f3quias) para viver com intensidade o Jubileu de Ouro. O per\u00edodo comemorativo vai se estender at\u00e9 setembro de 2012, encerrando-se com a Festa de Nossa Senhora das Grotas, padroeira de Juazeiro e da diocese.<\/p>\n<p style=\"text-align: justify\">\u201cEste \u00e9 um tempo de a\u00e7\u00e3o de gra\u00e7as pela presen\u00e7a de Deus em nossas vidas e pelo dom da vida de tantos irm\u00e3os e irm\u00e3s que fizeram a caminhada do Povo de Deus, nesta Igreja Particular de Juazeiro. \u00c9 um tempo de confraterniza\u00e7\u00e3o na ora\u00e7\u00e3o, na festa, na partilha e na solidariedade\u201d, escreveu o bispo em uma Carta Circular dirigida a todos os cat\u00f3licos da regi\u00e3o.<\/p>\n<p style=\"text-align: justify\"><img decoding=\"async\" loading=\"lazy\" class=\" alignright size-full wp-image-10875\" style=\"float: right\" src=\"https:\/\/www.cnbb.org.br\/wp-content\/uploads\/2020\/03\/jubileu_juazeirook.jpg\" alt=\"jubileu_juazeirook\" width=\"555\" height=\"416\" \/>De acordo com a equipe organizadora do Jubileu, o per\u00edodo contar\u00e1 com diversas iniciativas que devem movimentar a vida das par\u00f3quias, pastorais e grupos de leigos. A a\u00e7\u00e3o mais vis\u00edvel ser\u00e1 a peregrina\u00e7\u00e3o da imagem de Nossa Senhora das Grotas por todos os munic\u00edpios que comp\u00f5em a diocese. A imagem da Virgem Maria, s\u00edmbolo da f\u00e9 e unidade dos crist\u00e3os cat\u00f3licos, deve permanecer durante um m\u00eas em cada par\u00f3quia, visitando inclusive comunidades mais distantes, na zona rural e na periferia das cidades.<\/p>\n<p style=\"text-align: justify\">O Ano jubilar tamb\u00e9m ser\u00e1 um incentivo para que os cat\u00f3licos se tornem mais mission\u00e1rios. \u201cEstamos organizando uma grande miss\u00e3o envolvendo grupos de fi\u00e9is. Nosso objetivo \u00e9 que todas as fam\u00edlias cat\u00f3licas da diocese sejam visitadas e aben\u00e7oadas. Nossos mission\u00e1rios ir\u00e3o onde o povo est\u00e1 para levar uma mensagem de paz, a Palavra de Jesus\u201d, disse o membro da equipe organizadora do Jubileu, padre Jos\u00e9 Filipe Pulpahyil.<\/p>\n","protected":false},"excerpt":{"rendered":"<p>Nesta quinta-feira, 21, a diocese de Juazeiro (BA) fez o lan\u00e7amento do Ano Jubilar que comemora os 50 anos de sua funda\u00e7\u00e3o pelo papa Jo\u00e3o XXIII, em 1962. Uma Missa Solene foi celebrada na catedral \u00e0s 19h30, presidida bispo diocesano e vice-presidente do Regional Nordeste 3 da CNBB (Bahia e Sergipe), dom Jos\u00e9 Geraldo da &hellip;<\/p>\n<p class=\"read-more\"> <a class=\"\" href=\"https:\/\/www.cnbb.org.br\/diocese-de-juazeiro-da-inicio-a-celebracao-do-seu-jubileu-de-ouro\/\"> <span class=\"screen-reader-text\">Diocese de Juazeiro d\u00e1 in\u00edcio \u00e0 celebra\u00e7\u00e3o do seu Jubileu de Ouro<\/span> Leia mais &raquo;<\/a><\/p>\n","protected":false},"author":83,"featured_media":23218,"comment_status":"open","ping_status":"open","sticky":false,"template":"","format":"standard","meta":{"site-sidebar-layout":"default","site-content-layout":"default","ast-global-header-display":"","ast-banner-title-visibility":"","ast-main-header-display":"","ast-hfb-above-header-display":"","ast-hfb-below-header-display":"","ast-hfb-mobile-header-display":"","site-post-title":"","ast-breadcrumbs-content":"","ast-featured-img":"","footer-sml-layout":"","theme-transparent-header-meta":"","adv-header-id-meta":"","stick-header-meta":"","header-above-stick-meta":"","header-main-stick-meta":"","header-below-stick-meta":""},"categories":[789,769],"tags":[],"acf":[],"_links":{"self":[{"href":"https:\/\/www.cnbb.org.br\/cnbb-app\/wp\/v2\/posts\/23217"}],"collection":[{"href":"https:\/\/www.cnbb.org.br\/cnbb-app\/wp\/v2\/posts"}],"about":[{"href":"https:\/\/www.cnbb.org.br\/cnbb-app\/wp\/v2\/types\/post"}],"author":[{"embeddable":true,"href":"https:\/\/www.cnbb.org.br\/cnbb-app\/wp\/v2\/users\/83"}],"replies":[{"embeddable":true,"href":"https:\/\/www.cnbb.org.br\/cnbb-app\/wp\/v2\/comments?post=23217"}],"version-history":[{"count":0,"href":"https:\/\/www.cnbb.org.br\/cnbb-app\/wp\/v2\/posts\/23217\/revisions"}],"wp:featuredmedia":[{"embeddable":true,"href":"https:\/\/www.cnbb.org.br\/cnbb-app\/wp\/v2\/media\/23218"}],"wp:attachment":[{"href":"https:\/\/www.cnbb.org.br\/cnbb-app\/wp\/v2\/media?parent=23217"}],"wp:term":[{"taxonomy":"category","embeddable":true,"href":"https:\/\/www.cnbb.org.br\/cnbb-app\/wp\/v2\/categories?post=23217"},{"taxonomy":"post_tag","embeddable":true,"href":"https:\/\/www.cnbb.org.br\/cnbb-app\/wp\/v2\/tags?post=23217"}],"curies":[{"name":"wp","href":"https:\/\/api.w.org\/{rel}","templated":true}]}}