{"id":23227,"date":"2011-08-15T00:00:00","date_gmt":"2011-08-15T03:00:00","guid":{"rendered":"https:\/\/www.cnbb.org.br\/arquidiocese-de-salvador-promove-exposicao-do-cirio-de-nazare\/"},"modified":"2011-08-15T00:00:00","modified_gmt":"2011-08-15T03:00:00","slug":"arquidiocese-de-salvador-promove-exposicao-do-cirio-de-nazare","status":"publish","type":"post","link":"https:\/\/www.cnbb.org.br\/arquidiocese-de-salvador-promove-exposicao-do-cirio-de-nazare\/","title":{"rendered":"Arquidiocese de Salvador promove exposi\u00e7\u00e3o do C\u00edrio de Nazar\u00e9"},"content":{"rendered":"<p style=\"text-align: justify\">A imagem peregrina de Nossa Senhora de Nazar\u00e9, de Bel\u00e9m do Par\u00e1, estar\u00e1 em Salvador (BA), de 18 a 21. A chegada ao aeroporto Internacional Deputado Luis Eduardo Magalh\u00e3es est\u00e1 marcada para \u00e0s\u00a0 15h, de onde a\u00a0 imagem\u00a0 segue em carreata at\u00e9 a Catedral Bas\u00edlica, no Terreiro de Jesus. Missas, vig\u00edlias e ora\u00e7\u00f5es do ter\u00e7o integram a programa\u00e7\u00e3o da visita, que ter\u00e1 como ponto alto o C\u00edrio Luminoso, no dia 19.<\/p>\n<p><!--more--><\/p>\n<p style=\"text-align: justify\">Em paralelo as manifesta\u00e7\u00f5es religiosas, de 19 a 21, acontece uma exposi\u00e7\u00e3o com objetos do Ciro de Nazar\u00e9.\u00a0 Para a abertura da mostra, no dia 19, a imagem de Nazar\u00e9 sair\u00e1 da Catedral Bas\u00edlica em dire\u00e7\u00e3o ao Pal\u00e1cio Rio Branco, na Pra\u00e7a Municipal, onde passar\u00e1 o dia. Na exposi\u00e7\u00e3o o p\u00fablico poder\u00e1 ver mantos, a berlinda e a corda do C\u00edrio, al\u00e9m de pe\u00e7as feitas de muriti, madeira utilizada pelos artes\u00e3os de Bel\u00e9m do Par\u00e1.<\/p>\n<p style=\"text-align: justify\">Na noite do dia 19 tem in\u00edcio o C\u00edrio Luminoso pelas ruas do centro de Salvador. Os fi\u00e9is junto com a imagem sair\u00e3o da Pra\u00e7a Municipal e subir\u00e3o a Avenida Sete de Setembro. Na Pra\u00e7a da Piedade seguir\u00e3o pela Avenida Joana Ang\u00e9lica at\u00e9 a Par\u00f3quia Nossa Senhora de Nazar\u00e9, no bairro de Nazar\u00e9.\u00a0 Esta \u00e9 a primeira vez que a cidade recebe esta manifesta\u00e7\u00e3o religiosa.<\/p>\n<p style=\"text-align: justify\">\u201cNosso cora\u00e7\u00e3o se alegra como o de um filho que espera por sua m\u00e3e. Nossa par\u00f3quia est\u00e1 muito animada. Creio que \u00e9 uma gra\u00e7a de Deus receber a visita da Senhora da Amaz\u00f4nia. Celebraremos o primeiro C\u00edrio de Nazar\u00e9 na terra do Senhor do Bonfim. Ser\u00e1 um bem valoroso para a nossa arquidiocese\u201d, revela o p\u00e1roco de Nossa Senhora de Nazar\u00e9 e respons\u00e1vel pela vinda da imagem.<\/p>\n<p style=\"text-align: justify\">A curadora executiva da Diretoria da Festa de Nazar\u00e9 de Bel\u00e9m do Par\u00e1 v\u00ea na religiosidade baiana semelhan\u00e7as com a paraense. \u201cA expectativa para Salvador \u00e9 grandiosa j\u00e1 que \u00e9 extremamente rica na concep\u00e7\u00e3o religiosa. Esta riqueza tem em comum\u00a0 com o C\u00edrio de Bel\u00e9m a hereditariedade dos portugueses. \u00c9 o ardor religioso, a rever\u00eancia ao belo, e a sensibilidade e f\u00e9 do nosso povo\u201d, conclui.<\/p>\n<p style=\"text-align: justify\">Peregrina\u00e7\u00e3o &#8211; A imagem de Nossa Senhora de Nazar\u00e9 de Bel\u00e9m do Par\u00e1 come\u00e7ou a percorre oficialmente o Brasil em 2007, depois que o C\u00edrio de Nazar\u00e9 foi tombado como Patrim\u00f4nio Imaterial da Cultura Brasileira pelo Instituto do Patrim\u00f4nio Hist\u00f3rico Art\u00edstico Nacional (IPHAN). A exposi\u00e7\u00e3o do C\u00edrio j\u00e1 aconteceu no Senado Federal em 2007, em S\u00e3o Paulo em 2008, no Rio de Janeiro em 2009 e no ano de 2010 em Belo Horizonte.<\/p>\n<p style=\"text-align: justify\"><a href=\"https:\/\/www.arquidiocesesalvador.org.br\/destaque\/cirio-de-nazare-em-salvador\/\" target=\"_blank\" rel=\"noopener\">Confira a programa\u00e7\u00e3o no site da arquidiocese de Salvador.<\/a><\/p>\n","protected":false},"excerpt":{"rendered":"<p>A imagem peregrina de Nossa Senhora de Nazar\u00e9, de Bel\u00e9m do Par\u00e1, estar\u00e1 em Salvador (BA), de 18 a 21. A chegada ao aeroporto Internacional Deputado Luis Eduardo Magalh\u00e3es est\u00e1 marcada para \u00e0s\u00a0 15h, de onde a\u00a0 imagem\u00a0 segue em carreata at\u00e9 a Catedral Bas\u00edlica, no Terreiro de Jesus. Missas, vig\u00edlias e ora\u00e7\u00f5es do ter\u00e7o &hellip;<\/p>\n<p class=\"read-more\"> <a class=\"\" href=\"https:\/\/www.cnbb.org.br\/arquidiocese-de-salvador-promove-exposicao-do-cirio-de-nazare\/\"> <span class=\"screen-reader-text\">Arquidiocese de Salvador promove exposi\u00e7\u00e3o do C\u00edrio de Nazar\u00e9<\/span> Leia mais &raquo;<\/a><\/p>\n","protected":false},"author":83,"featured_media":23228,"comment_status":"open","ping_status":"open","sticky":false,"template":"","format":"standard","meta":{"site-sidebar-layout":"default","site-content-layout":"default","ast-global-header-display":"","ast-banner-title-visibility":"","ast-main-header-display":"","ast-hfb-above-header-display":"","ast-hfb-below-header-display":"","ast-hfb-mobile-header-display":"","site-post-title":"","ast-breadcrumbs-content":"","ast-featured-img":"","footer-sml-layout":"","theme-transparent-header-meta":"","adv-header-id-meta":"","stick-header-meta":"","header-above-stick-meta":"","header-main-stick-meta":"","header-below-stick-meta":""},"categories":[789,769],"tags":[],"acf":[],"_links":{"self":[{"href":"https:\/\/www.cnbb.org.br\/cnbb-app\/wp\/v2\/posts\/23227"}],"collection":[{"href":"https:\/\/www.cnbb.org.br\/cnbb-app\/wp\/v2\/posts"}],"about":[{"href":"https:\/\/www.cnbb.org.br\/cnbb-app\/wp\/v2\/types\/post"}],"author":[{"embeddable":true,"href":"https:\/\/www.cnbb.org.br\/cnbb-app\/wp\/v2\/users\/83"}],"replies":[{"embeddable":true,"href":"https:\/\/www.cnbb.org.br\/cnbb-app\/wp\/v2\/comments?post=23227"}],"version-history":[{"count":0,"href":"https:\/\/www.cnbb.org.br\/cnbb-app\/wp\/v2\/posts\/23227\/revisions"}],"wp:featuredmedia":[{"embeddable":true,"href":"https:\/\/www.cnbb.org.br\/cnbb-app\/wp\/v2\/media\/23228"}],"wp:attachment":[{"href":"https:\/\/www.cnbb.org.br\/cnbb-app\/wp\/v2\/media?parent=23227"}],"wp:term":[{"taxonomy":"category","embeddable":true,"href":"https:\/\/www.cnbb.org.br\/cnbb-app\/wp\/v2\/categories?post=23227"},{"taxonomy":"post_tag","embeddable":true,"href":"https:\/\/www.cnbb.org.br\/cnbb-app\/wp\/v2\/tags?post=23227"}],"curies":[{"name":"wp","href":"https:\/\/api.w.org\/{rel}","templated":true}]}}