{"id":23267,"date":"2011-11-14T00:00:00","date_gmt":"2011-11-14T02:00:00","guid":{"rendered":"https:\/\/www.cnbb.org.br\/dimensao-missionaria-pauta-assembleia-diocesana-de-ilheus\/"},"modified":"2011-11-14T00:00:00","modified_gmt":"2011-11-14T02:00:00","slug":"dimensao-missionaria-pauta-assembleia-diocesana-de-ilheus","status":"publish","type":"post","link":"https:\/\/www.cnbb.org.br\/dimensao-missionaria-pauta-assembleia-diocesana-de-ilheus\/","title":{"rendered":"Dimens\u00e3o mission\u00e1ria pauta Assembleia Diocesana de Ilh\u00e9us"},"content":{"rendered":"<p style=\"text-align: justify\">Nos dias 11 a 13 a diocese de Ilh\u00e9us (BA) realizou sua 34\u00aa Assembleia Diocesana que discutiu o tema \u201cFormamos a Igreja Mission\u00e1ria vivendo em Comunidade\u201d e definiu as linhas de a\u00e7\u00e3o pastoral para 2012.<\/p>\n<p><!--more--><\/p>\n<p style=\"text-align: justify\">A diocese prepara a festa do seu centen\u00e1rio com o mesmo tema da Assembleia, em 2012, ser\u00e1 o terceiro ano do tr\u00edduo de prepara\u00e7\u00e3o. \u201cAvaliamos tamb\u00e9m as atividades de 2011, o segundo ano do tr\u00edduo em prepara\u00e7\u00e3o ao Centen\u00e1rio e que o ocupado com oito m\u00f3dulos de estudo desenvolvidos em toda a diocese\u201d, destacou Paulo Costa, da comunica\u00e7\u00e3o diocesana.<\/p>\n<p style=\"text-align: justify\"><img decoding=\"async\" loading=\"lazy\" class=\" alignleft size-full wp-image-12637\" style=\"float: left\" src=\"https:\/\/www.cnbb.org.br\/wp-content\/uploads\/2020\/03\/estevao_raschietti_assembleia_ilheus.jpg\" alt=\"estevao_raschietti_assembleia_ilheus\" width=\"281\" height=\"152\" \/>Assessorou o encontro o secret\u00e1rio executivo do Centro Cultural Mission\u00e1rio (CCM), padre St\u00eav\u00e3o Raschietti, que apontou para o conhecimento dos caminhos mission\u00e1rios. \u201cTomem muito cuidado para que este momento n\u00e3o acabe sendo transformando num evento sem qualquer sentido, mas sim num momento verdadeiro de miss\u00e3o\u201d, exortou o assessor aos participantes da Assembleia.<\/p>\n<p style=\"text-align: justify\"><img decoding=\"async\" loading=\"lazy\" class=\" alignright size-full wp-image-12638\" style=\"float: right\" src=\"https:\/\/www.cnbb.org.br\/wp-content\/uploads\/2020\/03\/dom_mauro_montagnolli.jpg\" alt=\"dom_mauro_montagnolli\" width=\"241\" height=\"198\" \/>Padre Est\u00eav\u00e3o convocou os diocesanos a serem inc\u00f4modos no sentido\u00a0 de levar a miss\u00e3o adiante atrav\u00e9s do an\u00fancio do Evangelho intensificado pelas atividades pastorais da diocese.<\/p>\n<p style=\"text-align: justify\">O bispo diocesano, dom Mauro Montagnoli, comunicou que no dia 16 de dezembro pr\u00f3ximo a diocese de Ilh\u00e9us ir\u00e1 receber os s\u00edmbolos da Jornada Mundial da Juventude (JMJ), a cruz e o \u00cdcone de Nossa Senhora.<\/p>\n","protected":false},"excerpt":{"rendered":"<p>Nos dias 11 a 13 a diocese de Ilh\u00e9us (BA) realizou sua 34\u00aa Assembleia Diocesana que discutiu o tema \u201cFormamos a Igreja Mission\u00e1ria vivendo em Comunidade\u201d e definiu as linhas de a\u00e7\u00e3o pastoral para 2012.<\/p>\n","protected":false},"author":83,"featured_media":23268,"comment_status":"open","ping_status":"open","sticky":false,"template":"","format":"standard","meta":{"site-sidebar-layout":"default","site-content-layout":"default","ast-global-header-display":"","ast-banner-title-visibility":"","ast-main-header-display":"","ast-hfb-above-header-display":"","ast-hfb-below-header-display":"","ast-hfb-mobile-header-display":"","site-post-title":"","ast-breadcrumbs-content":"","ast-featured-img":"","footer-sml-layout":"","theme-transparent-header-meta":"","adv-header-id-meta":"","stick-header-meta":"","header-above-stick-meta":"","header-main-stick-meta":"","header-below-stick-meta":""},"categories":[789,769],"tags":[],"acf":[],"_links":{"self":[{"href":"https:\/\/www.cnbb.org.br\/cnbb-app\/wp\/v2\/posts\/23267"}],"collection":[{"href":"https:\/\/www.cnbb.org.br\/cnbb-app\/wp\/v2\/posts"}],"about":[{"href":"https:\/\/www.cnbb.org.br\/cnbb-app\/wp\/v2\/types\/post"}],"author":[{"embeddable":true,"href":"https:\/\/www.cnbb.org.br\/cnbb-app\/wp\/v2\/users\/83"}],"replies":[{"embeddable":true,"href":"https:\/\/www.cnbb.org.br\/cnbb-app\/wp\/v2\/comments?post=23267"}],"version-history":[{"count":0,"href":"https:\/\/www.cnbb.org.br\/cnbb-app\/wp\/v2\/posts\/23267\/revisions"}],"wp:featuredmedia":[{"embeddable":true,"href":"https:\/\/www.cnbb.org.br\/cnbb-app\/wp\/v2\/media\/23268"}],"wp:attachment":[{"href":"https:\/\/www.cnbb.org.br\/cnbb-app\/wp\/v2\/media?parent=23267"}],"wp:term":[{"taxonomy":"category","embeddable":true,"href":"https:\/\/www.cnbb.org.br\/cnbb-app\/wp\/v2\/categories?post=23267"},{"taxonomy":"post_tag","embeddable":true,"href":"https:\/\/www.cnbb.org.br\/cnbb-app\/wp\/v2\/tags?post=23267"}],"curies":[{"name":"wp","href":"https:\/\/api.w.org\/{rel}","templated":true}]}}