{"id":23289,"date":"2012-02-06T00:00:00","date_gmt":"2012-02-06T02:00:00","guid":{"rendered":"https:\/\/www.cnbb.org.br\/dom-murilo-media-negociacao-com-os-policiais-da-bahia\/"},"modified":"2012-02-06T00:00:00","modified_gmt":"2012-02-06T02:00:00","slug":"dom-murilo-media-negociacao-com-os-policiais-da-bahia","status":"publish","type":"post","link":"https:\/\/www.cnbb.org.br\/dom-murilo-media-negociacao-com-os-policiais-da-bahia\/","title":{"rendered":"Dom Murilo Krieger media negocia\u00e7\u00e3o com os policiais da Bahia"},"content":{"rendered":"<p style=\"text-align: justify\">O arcebispo de Salvador (BA) e Primaz do Brasil, dom Murilo Krieger, est\u00e1 neste momento reunido com os representantes das associa\u00e7\u00f5es dos policiais militares da Bahia.<\/p>\n<p><!--more--><\/p>\n<p style=\"text-align: justify\">Dom Krieger, desde ontem, 5, colocou-se a disposi\u00e7\u00e3o para intermediar as negocia\u00e7\u00f5es entre o Estado e os policiais para que o quanto antes o impasse gerado pela greve da Pol\u00edcia Militar chegue ao fim. A reuni\u00e3o acontece na resid\u00eancia episcopal no bairro da Federa\u00e7\u00e3o, em Salvador.<\/p>\n","protected":false},"excerpt":{"rendered":"<p>O arcebispo de Salvador (BA) e Primaz do Brasil, dom Murilo Krieger, est\u00e1 neste momento reunido com os representantes das associa\u00e7\u00f5es dos policiais militares da Bahia.<\/p>\n","protected":false},"author":83,"featured_media":23290,"comment_status":"open","ping_status":"open","sticky":false,"template":"","format":"standard","meta":{"site-sidebar-layout":"default","site-content-layout":"default","ast-global-header-display":"","ast-banner-title-visibility":"","ast-main-header-display":"","ast-hfb-above-header-display":"","ast-hfb-below-header-display":"","ast-hfb-mobile-header-display":"","site-post-title":"","ast-breadcrumbs-content":"","ast-featured-img":"","footer-sml-layout":"","theme-transparent-header-meta":"","adv-header-id-meta":"","stick-header-meta":"","header-above-stick-meta":"","header-main-stick-meta":"","header-below-stick-meta":""},"categories":[789,769],"tags":[],"acf":[],"_links":{"self":[{"href":"https:\/\/www.cnbb.org.br\/cnbb-app\/wp\/v2\/posts\/23289"}],"collection":[{"href":"https:\/\/www.cnbb.org.br\/cnbb-app\/wp\/v2\/posts"}],"about":[{"href":"https:\/\/www.cnbb.org.br\/cnbb-app\/wp\/v2\/types\/post"}],"author":[{"embeddable":true,"href":"https:\/\/www.cnbb.org.br\/cnbb-app\/wp\/v2\/users\/83"}],"replies":[{"embeddable":true,"href":"https:\/\/www.cnbb.org.br\/cnbb-app\/wp\/v2\/comments?post=23289"}],"version-history":[{"count":0,"href":"https:\/\/www.cnbb.org.br\/cnbb-app\/wp\/v2\/posts\/23289\/revisions"}],"wp:featuredmedia":[{"embeddable":true,"href":"https:\/\/www.cnbb.org.br\/cnbb-app\/wp\/v2\/media\/23290"}],"wp:attachment":[{"href":"https:\/\/www.cnbb.org.br\/cnbb-app\/wp\/v2\/media?parent=23289"}],"wp:term":[{"taxonomy":"category","embeddable":true,"href":"https:\/\/www.cnbb.org.br\/cnbb-app\/wp\/v2\/categories?post=23289"},{"taxonomy":"post_tag","embeddable":true,"href":"https:\/\/www.cnbb.org.br\/cnbb-app\/wp\/v2\/tags?post=23289"}],"curies":[{"name":"wp","href":"https:\/\/api.w.org\/{rel}","templated":true}]}}