{"id":23293,"date":"2012-02-08T00:00:00","date_gmt":"2012-02-08T02:00:00","guid":{"rendered":"https:\/\/www.cnbb.org.br\/arcebispo-de-salvador-divulga-nota-sobre-greve-da-policia-militar-na-bahia\/"},"modified":"2012-02-08T00:00:00","modified_gmt":"2012-02-08T02:00:00","slug":"arcebispo-de-salvador-divulga-nota-sobre-greve-da-policia-militar-na-bahia","status":"publish","type":"post","link":"https:\/\/www.cnbb.org.br\/arcebispo-de-salvador-divulga-nota-sobre-greve-da-policia-militar-na-bahia\/","title":{"rendered":"Arcebispo de Salvador divulga nota sobre greve da Pol\u00edcia Militar na Bahia"},"content":{"rendered":"<p style=\"text-align: justify\">A arquidiocese de Salvador (BA) emitiu ontem, 7, uma nota sobre a greve dos policiais militares do estado da Bahia. O arcebispo metropolitano, dom Murilo Krieger, participou, como intermediador, das negocia\u00e7\u00f5es entre grevistas e governo do estado.<\/p>\n<p><!--more--><\/p>\n<p style=\"text-align: justify\">Dom Murilo falou de seu papel como intermediador e no fim fez um apelo: \u201cComo mediador, n\u00e3o me cabe falar do resultado das negocia\u00e7\u00f5es. O que posso assegurar \u00e9 que n\u00e3o me alinhei com nenhuma das partes, porque meu compromisso era e \u00e9 com o povo da Bahia. A Bahia quer paz; a Bahia precisa de paz; a Bahia tem direito de ter paz. Por isso, venho agora conclamar todos\u00a0 &#8211; isto \u00e9, Governo, associa\u00e7\u00f5es de militares, homens e mulheres de boa vontade \u2013 para, juntos, construirmos a paz\u201d, disse o Primaz do Brasil.<\/p>\n<p style=\"text-align: justify\">Leia agora a \u00edntegra da mensagem de dom Murilo Krieger, arcebispo de Salvador:<\/p>\n<p style=\"text-align: center\"><strong>Nota oficial da arquidiocese de Salvador da Bahia sobre a greve de parte dos policiais militares do estado<\/strong><\/p>\n<p style=\"text-align: justify\">Diante dos tristes acontecimentos dos \u00faltimos dias, que tiraram a paz da cidade de Salvador e do Estado da Bahia, senti-me na obriga\u00e7\u00e3o de colocar-me \u00e0 disposi\u00e7\u00e3o tanto do Governo do Estado como das entidades representativas das diversas associa\u00e7\u00f5es que congregam militares da Pol\u00edcia Militar para, pelo di\u00e1logo, se conseguir a concilia\u00e7\u00e3o.<\/p>\n<p style=\"text-align: justify\">Aceita minha media\u00e7\u00e3o, coloquei minha casa \u00e0 disposi\u00e7\u00e3o de todos para os encontros que, em horas assim, se fazem necess\u00e1rios. Minha oferta foi acolhida e, praticamente ao longo de vinte e quatro horas, ali estive reunido com tais representantes.<br \/>\nComo mediador, n\u00e3o me cabe falar do resultado das negocia\u00e7\u00f5es. O que posso lhes assegurar \u00e9 que n\u00e3o me alinhei com nenhuma das partes, porque meu compromisso era e \u00e9 com o povo da Bahia.<\/p>\n<p style=\"text-align: justify\">A Bahia quer paz; a Bahia precisa de paz; a Bahia tem direito de ter paz. Por isso, venho agora conclamar todos\u00a0 &#8211; isto \u00e9, Governo, associa\u00e7\u00f5es de militares, homens e mulheres de boa vontade \u2013 para, juntos, construirmos a paz. A paz \u00e9 um dom de Deus e, por isso, devemos pedi-la; mas a paz \u00e9, tamb\u00e9m, fruto de nosso trabalho. Foi isso que afirmou Jesus no Serm\u00e3o da Montanha: \u201cFelizes os que promovem a paz, porque ser\u00e3o chamados filhos de Deus\u201d (Mt 5,9).<\/p>\n<p style=\"text-align: justify\">Em vista do retorno \u00e0 vida normal em nossas cidades, pe\u00e7o a voc\u00ea, meu amigo, minha amiga: desarme seu cora\u00e7\u00e3o. Quem exige um desarmamento total, e n\u00e3o s\u00f3 dos cora\u00e7\u00f5es, \u00e9 o bem comum, \u00e9 o bem da sociedade baiana. Nestes meus dez meses de Bahia, descobri que o povo baiano \u00e9 acolhedor, \u00e9 trabalhador e festivo; \u00e9 um povo pac\u00edfico por natureza. Esse povo merece o melhor de nossos esfor\u00e7os e toda a nossa dedica\u00e7\u00e3o. Na luta pela paz n\u00e3o h\u00e1 vencidos nem vencedores: h\u00e1 irm\u00e3os e irm\u00e3s que merecem o respeito de todos.<\/p>\n<p style=\"text-align: justify\">Pe\u00e7amos a Jesus Cristo, o Pr\u00edncipe da Paz, que derrame sobre n\u00f3s a sua paz; que ele nos d\u00ea o dom da sabedoria, para escolhermos o bem; e que nos d\u00ea a capacidade de, juntos, construirmos a paz.<\/p>\n<div style=\"text-align: right\">Salvador, 7 de fevereiro de 2012.<\/div>\n<p style=\"text-align: center\"><strong><em>Dom Murilo S. R. Krieger, scj<br \/>\nArcebispo de S\u00e3o Salvador da Bahia \/ Primaz do Brasil<\/em><\/strong><\/p>\n","protected":false},"excerpt":{"rendered":"<p>A arquidiocese de Salvador (BA) emitiu ontem, 7, uma nota sobre a greve dos policiais militares do estado da Bahia. O arcebispo metropolitano, dom Murilo Krieger, participou, como intermediador, das negocia\u00e7\u00f5es entre grevistas e governo do estado.<\/p>\n","protected":false},"author":83,"featured_media":23294,"comment_status":"open","ping_status":"open","sticky":false,"template":"","format":"standard","meta":{"site-sidebar-layout":"default","site-content-layout":"default","ast-global-header-display":"","ast-banner-title-visibility":"","ast-main-header-display":"","ast-hfb-above-header-display":"","ast-hfb-below-header-display":"","ast-hfb-mobile-header-display":"","site-post-title":"","ast-breadcrumbs-content":"","ast-featured-img":"","footer-sml-layout":"","theme-transparent-header-meta":"","adv-header-id-meta":"","stick-header-meta":"","header-above-stick-meta":"","header-main-stick-meta":"","header-below-stick-meta":""},"categories":[789,769],"tags":[],"acf":[],"_links":{"self":[{"href":"https:\/\/www.cnbb.org.br\/cnbb-app\/wp\/v2\/posts\/23293"}],"collection":[{"href":"https:\/\/www.cnbb.org.br\/cnbb-app\/wp\/v2\/posts"}],"about":[{"href":"https:\/\/www.cnbb.org.br\/cnbb-app\/wp\/v2\/types\/post"}],"author":[{"embeddable":true,"href":"https:\/\/www.cnbb.org.br\/cnbb-app\/wp\/v2\/users\/83"}],"replies":[{"embeddable":true,"href":"https:\/\/www.cnbb.org.br\/cnbb-app\/wp\/v2\/comments?post=23293"}],"version-history":[{"count":0,"href":"https:\/\/www.cnbb.org.br\/cnbb-app\/wp\/v2\/posts\/23293\/revisions"}],"wp:featuredmedia":[{"embeddable":true,"href":"https:\/\/www.cnbb.org.br\/cnbb-app\/wp\/v2\/media\/23294"}],"wp:attachment":[{"href":"https:\/\/www.cnbb.org.br\/cnbb-app\/wp\/v2\/media?parent=23293"}],"wp:term":[{"taxonomy":"category","embeddable":true,"href":"https:\/\/www.cnbb.org.br\/cnbb-app\/wp\/v2\/categories?post=23293"},{"taxonomy":"post_tag","embeddable":true,"href":"https:\/\/www.cnbb.org.br\/cnbb-app\/wp\/v2\/tags?post=23293"}],"curies":[{"name":"wp","href":"https:\/\/api.w.org\/{rel}","templated":true}]}}