{"id":23296,"date":"2012-02-29T00:00:00","date_gmt":"2012-02-29T03:00:00","guid":{"rendered":"https:\/\/www.cnbb.org.br\/regional-nordeste-3-articula-o-trabalho-de-comunicacao\/"},"modified":"2012-02-29T00:00:00","modified_gmt":"2012-02-29T03:00:00","slug":"regional-nordeste-3-articula-o-trabalho-de-comunicacao","status":"publish","type":"post","link":"https:\/\/www.cnbb.org.br\/regional-nordeste-3-articula-o-trabalho-de-comunicacao\/","title":{"rendered":"Regional Nordeste 3 articula o trabalho de Comunica\u00e7\u00e3o"},"content":{"rendered":"<p style=\"text-align: justify\">Para planejar a Pastoral de Comunica\u00e7\u00e3o (Pascom) na Bahia e em Sergipe, 18 representantes de dioceses do Regional Nordeste 3 da CNBB (Bahia e Sergipe) estiveram reunidos por dois dias em Salvador (BA). No encontro, que foi encerrado ontem, 28, com um almo\u00e7o, foram definidas as prioridades do trabalho e a nova equipe de coordena\u00e7\u00e3o foi escolhida. O arcebispo de Feira de Santana (BA) e bispo refer\u00eancia para a Comunica\u00e7\u00e3o no Regional, dom Itamar Vian, participou de todo o encontro e animou os presentes a articularem as a\u00e7\u00f5es entre as dioceses.<\/p>\n<p>  <!--more-->  <\/p>\n<p style=\"text-align: justify\">No primeiro dia da reuni\u00e3 os participantes estudaram o documento 101 da Confer\u00eancia Nacional dos Bispos do Brasil (CNBB), intitulado &#8220;A Comunica\u00e7\u00e3o na Vida e Miss\u00e3o da Igreja no Brasil&#8221;.<\/p>\n<p style=\"text-align: justify\">Foram representadas no encontro as dioceses de Eun\u00e1polis, Feira de Santana, Vit\u00f3ria da Conquista, Serrinha, Alagoinhas, Juazeiro, Bom Jesus da Lapa, Senhor do Bonfim, Irec\u00ea, Paulo Afonso, Salvador e Aracaju.<\/p>\n","protected":false},"excerpt":{"rendered":"<p>Para planejar a Pastoral de Comunica\u00e7\u00e3o (Pascom) na Bahia e em Sergipe, 18 representantes de dioceses do Regional Nordeste 3 da CNBB (Bahia e Sergipe) estiveram reunidos por dois dias em Salvador (BA). No encontro, que foi encerrado ontem, 28, com um almo\u00e7o, foram definidas as prioridades do trabalho e a nova equipe de coordena\u00e7\u00e3o &hellip;<\/p>\n<p class=\"read-more\"> <a class=\"\" href=\"https:\/\/www.cnbb.org.br\/regional-nordeste-3-articula-o-trabalho-de-comunicacao\/\"> <span class=\"screen-reader-text\">Regional Nordeste 3 articula o trabalho de Comunica\u00e7\u00e3o<\/span> Leia mais &raquo;<\/a><\/p>\n","protected":false},"author":83,"featured_media":23297,"comment_status":"open","ping_status":"open","sticky":false,"template":"","format":"standard","meta":{"site-sidebar-layout":"default","site-content-layout":"default","ast-global-header-display":"","ast-banner-title-visibility":"","ast-main-header-display":"","ast-hfb-above-header-display":"","ast-hfb-below-header-display":"","ast-hfb-mobile-header-display":"","site-post-title":"","ast-breadcrumbs-content":"","ast-featured-img":"","footer-sml-layout":"","theme-transparent-header-meta":"","adv-header-id-meta":"","stick-header-meta":"","header-above-stick-meta":"","header-main-stick-meta":"","header-below-stick-meta":""},"categories":[789,769],"tags":[],"acf":[],"_links":{"self":[{"href":"https:\/\/www.cnbb.org.br\/cnbb-app\/wp\/v2\/posts\/23296"}],"collection":[{"href":"https:\/\/www.cnbb.org.br\/cnbb-app\/wp\/v2\/posts"}],"about":[{"href":"https:\/\/www.cnbb.org.br\/cnbb-app\/wp\/v2\/types\/post"}],"author":[{"embeddable":true,"href":"https:\/\/www.cnbb.org.br\/cnbb-app\/wp\/v2\/users\/83"}],"replies":[{"embeddable":true,"href":"https:\/\/www.cnbb.org.br\/cnbb-app\/wp\/v2\/comments?post=23296"}],"version-history":[{"count":0,"href":"https:\/\/www.cnbb.org.br\/cnbb-app\/wp\/v2\/posts\/23296\/revisions"}],"wp:featuredmedia":[{"embeddable":true,"href":"https:\/\/www.cnbb.org.br\/cnbb-app\/wp\/v2\/media\/23297"}],"wp:attachment":[{"href":"https:\/\/www.cnbb.org.br\/cnbb-app\/wp\/v2\/media?parent=23296"}],"wp:term":[{"taxonomy":"category","embeddable":true,"href":"https:\/\/www.cnbb.org.br\/cnbb-app\/wp\/v2\/categories?post=23296"},{"taxonomy":"post_tag","embeddable":true,"href":"https:\/\/www.cnbb.org.br\/cnbb-app\/wp\/v2\/tags?post=23296"}],"curies":[{"name":"wp","href":"https:\/\/api.w.org\/{rel}","templated":true}]}}