{"id":23309,"date":"2012-06-12T00:00:00","date_gmt":"2012-06-12T03:00:00","guid":{"rendered":"https:\/\/www.cnbb.org.br\/arquidiocese-de-salvador-celebra-o-centenario-de-dom-avelar-brandao-vilela\/"},"modified":"2012-06-12T00:00:00","modified_gmt":"2012-06-12T03:00:00","slug":"arquidiocese-de-salvador-celebra-o-centenario-de-dom-avelar-brandao-vilela","status":"publish","type":"post","link":"https:\/\/www.cnbb.org.br\/arquidiocese-de-salvador-celebra-o-centenario-de-dom-avelar-brandao-vilela\/","title":{"rendered":"Arquidiocese de Salvador celebra o centen\u00e1rio de dom Avelar Brand\u00e3o Vilela"},"content":{"rendered":"<p style=\"text-align: justify\">Amanh\u00e3, quarta-feira, 13 de junho, a arquidiocese de Salvador (BA) celebra o centen\u00e1rio de nascimento de dom Avelar Brand\u00e3o Vilela, cardeal arcebispo de Salvador falecido em 1986. Uma missa, \u00e0s 18h, na Catedral Bas\u00edlica marca a data e re\u00fane padres e religiosos que trabalharam junto com o arcebispo no pastoreio de Salvador. A celebra\u00e7\u00e3o ser\u00e1 presidida pelo atual arcebispo de Salvador e Primaz do Brasil, dom Murilo Krieger.<\/p>\n<p><!--more--><\/p>\n<p style=\"text-align: justify\">Dom Avelar Brand\u00e3o Vilela foi respons\u00e1vel por importantes fatos na hist\u00f3ria da arquidiocese de Salvador. Foi durante o seu pastoreio, em 1980, que o Vaticano concedeu o t\u00edtulo de S\u00e9 Primacial \u00e0 arquidiocese de Salvador, e o t\u00edtulo de Primaz a seu arcebispo. Tamb\u00e9m \u00e9 resultado da sua gest\u00e3o, a vinda para a Bahia e para o Brasil das Mission\u00e1rias da Caridade, congrega\u00e7\u00e3o de Madre Tereza de Calcut\u00e1.<\/p>\n<p style=\"text-align: justify\">A proclama\u00e7\u00e3o de Nossa Senhora da Concei\u00e7\u00e3o da Praia como padroeira principal do estado da Bahia foi uma conquista de dom Avelar. Ele inclusive fez a proclama\u00e7\u00e3o em nome do papa Paulo VI. Dom Avelar participou dos conclaves que elegeram os papas Jo\u00e3o Paulo I e Jo\u00e3o Paulo II e em 1980, recepcionou o Jo\u00e3o Paulo II, em Salvador.<\/p>\n<p style=\"text-align: justify\">A R\u00e1dio Excelsior da Bahia, institui\u00e7\u00e3o hoje com 70 anos de hist\u00f3ria foi adquirida pela Arquidiocese, em 1984, atrav\u00e9s da a\u00e7\u00e3o de dom Avelar. Ele n\u00e3o mediu esfor\u00e7os para que a emissora, que nasceu sob a lideran\u00e7a cat\u00f3lica de frei Hildebrando pudesse continuar a servi\u00e7o da Igreja local.<\/p>\n<p>Natural de Vi\u00e7osa das Alagoas, dom Avelar nasceu em 13 de junho de 1912 e foi ordenado padre em Sergipe em 1935, onde ficou por 11 anos. Em 1946 recebeu a nomea\u00e7\u00e3o de bispo de Petrolina (PE) e exerceu a fun\u00e7\u00e3o por 10 anos at\u00e9 ser transferido para a arquidiocese de Teresinha (PI), permanecendo l\u00e1 por 15 anos. Exerceu o cargo de arcebispo de Salvador de 1971 a 1986, quando faleceu.<\/p>\n","protected":false},"excerpt":{"rendered":"<p>Amanh\u00e3, quarta-feira, 13 de junho, a arquidiocese de Salvador (BA) celebra o centen\u00e1rio de nascimento de dom Avelar Brand\u00e3o Vilela, cardeal arcebispo de Salvador falecido em 1986. Uma missa, \u00e0s 18h, na Catedral Bas\u00edlica marca a data e re\u00fane padres e religiosos que trabalharam junto com o arcebispo no pastoreio de Salvador. A celebra\u00e7\u00e3o ser\u00e1 &hellip;<\/p>\n<p class=\"read-more\"> <a class=\"\" href=\"https:\/\/www.cnbb.org.br\/arquidiocese-de-salvador-celebra-o-centenario-de-dom-avelar-brandao-vilela\/\"> <span class=\"screen-reader-text\">Arquidiocese de Salvador celebra o centen\u00e1rio de dom Avelar Brand\u00e3o Vilela<\/span> Leia mais &raquo;<\/a><\/p>\n","protected":false},"author":83,"featured_media":23262,"comment_status":"open","ping_status":"open","sticky":false,"template":"","format":"standard","meta":{"site-sidebar-layout":"default","site-content-layout":"default","ast-global-header-display":"","ast-banner-title-visibility":"","ast-main-header-display":"","ast-hfb-above-header-display":"","ast-hfb-below-header-display":"","ast-hfb-mobile-header-display":"","site-post-title":"","ast-breadcrumbs-content":"","ast-featured-img":"","footer-sml-layout":"","theme-transparent-header-meta":"","adv-header-id-meta":"","stick-header-meta":"","header-above-stick-meta":"","header-main-stick-meta":"","header-below-stick-meta":""},"categories":[789,769],"tags":[],"acf":[],"_links":{"self":[{"href":"https:\/\/www.cnbb.org.br\/cnbb-app\/wp\/v2\/posts\/23309"}],"collection":[{"href":"https:\/\/www.cnbb.org.br\/cnbb-app\/wp\/v2\/posts"}],"about":[{"href":"https:\/\/www.cnbb.org.br\/cnbb-app\/wp\/v2\/types\/post"}],"author":[{"embeddable":true,"href":"https:\/\/www.cnbb.org.br\/cnbb-app\/wp\/v2\/users\/83"}],"replies":[{"embeddable":true,"href":"https:\/\/www.cnbb.org.br\/cnbb-app\/wp\/v2\/comments?post=23309"}],"version-history":[{"count":0,"href":"https:\/\/www.cnbb.org.br\/cnbb-app\/wp\/v2\/posts\/23309\/revisions"}],"wp:featuredmedia":[{"embeddable":true,"href":"https:\/\/www.cnbb.org.br\/cnbb-app\/wp\/v2\/media\/23262"}],"wp:attachment":[{"href":"https:\/\/www.cnbb.org.br\/cnbb-app\/wp\/v2\/media?parent=23309"}],"wp:term":[{"taxonomy":"category","embeddable":true,"href":"https:\/\/www.cnbb.org.br\/cnbb-app\/wp\/v2\/categories?post=23309"},{"taxonomy":"post_tag","embeddable":true,"href":"https:\/\/www.cnbb.org.br\/cnbb-app\/wp\/v2\/tags?post=23309"}],"curies":[{"name":"wp","href":"https:\/\/api.w.org\/{rel}","templated":true}]}}