{"id":23327,"date":"2012-08-09T00:00:00","date_gmt":"2012-08-09T03:00:00","guid":{"rendered":"https:\/\/www.cnbb.org.br\/arquidiocese-de-salvador-ganha-novos-padres\/"},"modified":"2012-08-09T00:00:00","modified_gmt":"2012-08-09T03:00:00","slug":"arquidiocese-de-salvador-ganha-novos-padres","status":"publish","type":"post","link":"https:\/\/www.cnbb.org.br\/arquidiocese-de-salvador-ganha-novos-padres\/","title":{"rendered":"Arquidiocese de Salvador ganha novos padres"},"content":{"rendered":"<p style=\"text-align: justify\">Novos sacerdotes fortalecer\u00e3o a a\u00e7\u00e3o evangelizadora do clero de Salvador. No dia 11 de agosto, os di\u00e1conos Adilson Silva, Danilo Sales, Josuel Jesus, J\u00e2nio Reis e Hermano Concei\u00e7\u00e3o recebem \u2013 por meio do arcebispo de Salvador e Primaz do Brasil, dom Murilo Krieger \u2013, a Ordena\u00e7\u00e3o Presbiteral, sacramento de total entrega e servi\u00e7o a Deus. A cerim\u00f4nia ocorre, \u00e0s 9h, no Santu\u00e1rio Nossa Senhora de F\u00e1tima (Col\u00e9gio Ant\u00f4nio Vieira \u2013 Garcia).<\/p>\n<p><!--more--><\/p>\n<p style=\"text-align: justify\">Foram oito anos de estudo e dedica\u00e7\u00e3o ao Semin\u00e1rio S\u00e3o Jo\u00e3o Maria Vianney, onde houve uma prepara\u00e7\u00e3o intelectual, comunit\u00e1ria, pastoral e mission\u00e1ria. Para o di\u00e1cono J\u00e2nio Reis, a cerim\u00f4nia \u00e9 a concretiza\u00e7\u00e3o de um sonho. \u201cDepois de ter passado por uma grande experi\u00eancia de aprendizagem no semin\u00e1rio, espero viver e comemorar esse dia como o dia mais importante da minha vida, junto com a minha fam\u00edlia e todos que de maneira especial fizeram parte dessa conquista\u201d, destaca.<\/p>\n<p style=\"text-align: justify\">Da mesma forma, o di\u00e1cono Adilson Silva revela que se sente mais amadurecido e preparado para dedicar sua vida ao sacerd\u00f3cio. Segundo ele, esse \u00e9 apenas o come\u00e7o de uma longa jornada. \u201cSinto que estou prestes a ser derramado em liba\u00e7\u00e3o, como sacrif\u00edcio agrad\u00e1vel a Deus. Deste modo, a Ordena\u00e7\u00e3o n\u00e3o \u00e9 um ponto de chegada, mas sim, um ponto de partida, pois, ao recebermos o minist\u00e9rio, uma grande miss\u00e3o espera a ser por n\u00f3s realizada\u201d, afirma.<\/p>\n<p style=\"text-align: justify\">A cerim\u00f4nia conta com a presen\u00e7a dos bispos auxiliares e de presb\u00edteros do clero arquidiocesano, al\u00e9m de familiares, amigos e pessoas que acompanharam a trajet\u00f3ria dos di\u00e1conos. A poucos dias da Ordena\u00e7\u00e3o, Danilo Sales se mostra ansioso para se dedicar \u00e0 sua voca\u00e7\u00e3o. \u201cAs minhas expectativas s\u00e3o as de testemunhar a vida de Cristo na vida dos homens e mulheres que anseiam por esse Deus t\u00e3o grandioso e t\u00e3o humilde que, atrav\u00e9s da minha pequenez, se far\u00e1 presente na Eucaristia todas as vezes que eu presidir a Santa Missa\u201d, conta.<\/p>\n<p style=\"text-align: justify\"><strong>Voca\u00e7\u00e3o Sacerdotal<\/strong><\/p>\n<p style=\"text-align: justify\">Um chamado para que os escolhidos se dediquem a continuar a a\u00e7\u00e3o de Cristo e semear a Palavra de Deus. Essa \u00e9 a miss\u00e3o para a qual os di\u00e1conos ser\u00e3o enviados. De acordo com o di\u00e1cono Adilson Silva, a sua voca\u00e7\u00e3o foi despertada dentro de sua comunidade, para a qual ele prestou servi\u00e7os em algumas pastorais.<br \/>\n\u201cA partir dessa experi\u00eancia senti que Deus me chamava para um compromisso ainda maior em sua Igreja, ou seja, a seguir Jesus mais de perto atrav\u00e9s de uma doa\u00e7\u00e3o total a Ele.\u201d, lembra.<\/p>\n<p style=\"text-align: justify\">De maneira semelhante, o di\u00e1cono Danilo Sales diz que a vontade de ser um sacerdote se revelou desde cedo e que o chamado veio atrav\u00e9s de uma miss\u00e3o de seminaristas em sua par\u00f3quia de origem.<\/p>\n<p style=\"text-align: justify\">\u201cO seminarista Jurandir, hoje Pe. Juradir Paz, me falou muito de Deus e tamb\u00e9m sobre a voca\u00e7\u00e3o sacerdotal, isso foi o essencial para eu poder seguir o chamado de Deus e da Igreja, que ainda hoje continua necessitando de oper\u00e1rios para a messe\u201d, revela.<\/p>\n","protected":false},"excerpt":{"rendered":"<p>Novos sacerdotes fortalecer\u00e3o a a\u00e7\u00e3o evangelizadora do clero de Salvador. No dia 11 de agosto, os di\u00e1conos Adilson Silva, Danilo Sales, Josuel Jesus, J\u00e2nio Reis e Hermano Concei\u00e7\u00e3o recebem \u2013 por meio do arcebispo de Salvador e Primaz do Brasil, dom Murilo Krieger \u2013, a Ordena\u00e7\u00e3o Presbiteral, sacramento de total entrega e servi\u00e7o a Deus. &hellip;<\/p>\n<p class=\"read-more\"> <a class=\"\" href=\"https:\/\/www.cnbb.org.br\/arquidiocese-de-salvador-ganha-novos-padres\/\"> <span class=\"screen-reader-text\">Arquidiocese de Salvador ganha novos padres<\/span> Leia mais &raquo;<\/a><\/p>\n","protected":false},"author":83,"featured_media":23328,"comment_status":"open","ping_status":"open","sticky":false,"template":"","format":"standard","meta":{"site-sidebar-layout":"default","site-content-layout":"default","ast-global-header-display":"","ast-banner-title-visibility":"","ast-main-header-display":"","ast-hfb-above-header-display":"","ast-hfb-below-header-display":"","ast-hfb-mobile-header-display":"","site-post-title":"","ast-breadcrumbs-content":"","ast-featured-img":"","footer-sml-layout":"","theme-transparent-header-meta":"","adv-header-id-meta":"","stick-header-meta":"","header-above-stick-meta":"","header-main-stick-meta":"","header-below-stick-meta":""},"categories":[789,769],"tags":[],"acf":[],"_links":{"self":[{"href":"https:\/\/www.cnbb.org.br\/cnbb-app\/wp\/v2\/posts\/23327"}],"collection":[{"href":"https:\/\/www.cnbb.org.br\/cnbb-app\/wp\/v2\/posts"}],"about":[{"href":"https:\/\/www.cnbb.org.br\/cnbb-app\/wp\/v2\/types\/post"}],"author":[{"embeddable":true,"href":"https:\/\/www.cnbb.org.br\/cnbb-app\/wp\/v2\/users\/83"}],"replies":[{"embeddable":true,"href":"https:\/\/www.cnbb.org.br\/cnbb-app\/wp\/v2\/comments?post=23327"}],"version-history":[{"count":0,"href":"https:\/\/www.cnbb.org.br\/cnbb-app\/wp\/v2\/posts\/23327\/revisions"}],"wp:featuredmedia":[{"embeddable":true,"href":"https:\/\/www.cnbb.org.br\/cnbb-app\/wp\/v2\/media\/23328"}],"wp:attachment":[{"href":"https:\/\/www.cnbb.org.br\/cnbb-app\/wp\/v2\/media?parent=23327"}],"wp:term":[{"taxonomy":"category","embeddable":true,"href":"https:\/\/www.cnbb.org.br\/cnbb-app\/wp\/v2\/categories?post=23327"},{"taxonomy":"post_tag","embeddable":true,"href":"https:\/\/www.cnbb.org.br\/cnbb-app\/wp\/v2\/tags?post=23327"}],"curies":[{"name":"wp","href":"https:\/\/api.w.org\/{rel}","templated":true}]}}