{"id":23344,"date":"2012-11-05T00:00:00","date_gmt":"2012-11-05T02:00:00","guid":{"rendered":"https:\/\/www.cnbb.org.br\/regional-nordeste-3-realiza-50o-assembleia-de-pastoral\/"},"modified":"2012-11-05T00:00:00","modified_gmt":"2012-11-05T02:00:00","slug":"regional-nordeste-3-realiza-50o-assembleia-de-pastoral","status":"publish","type":"post","link":"https:\/\/www.cnbb.org.br\/regional-nordeste-3-realiza-50o-assembleia-de-pastoral\/","title":{"rendered":"Regional Nordeste 3 realiza 50\u00ba Assembleia de Pastoral"},"content":{"rendered":"<p style=\"text-align: justify\">Entre os dias 5 e 8 de novembro, bispos, coordenadores diocesanos de pastoral e representantes regionais das pastorais e movimentos participam da 50\u00aa Assembleia Regional de Pastoral, promovida pelo Regional Nordeste 3 da CNBB (Bahia e Sergipe). O encontro acontece no Centro de Treinamento de L\u00edderes (CTL), em Itapu\u00e3, Salvador (BA), e tem o Ano da F\u00e9 como tem\u00e1tica principal.<\/p>\n<p>  <!--more-->  <\/p>\n<p style=\"text-align: justify\">O objetivo da assembleia \u00e9 a avalia\u00e7\u00e3o da caminhada pastoral de 2012 e o planejamento das atividades do pr\u00f3ximo ano. Ao longo da programa\u00e7\u00e3o os participantes discutir\u00e3o alguns temas como: a realiza\u00e7\u00e3o da 5\u00aa Semana Social Brasileira, que acontece entre os dias 3 e 5 de maio de 2013 e os 50 anos do Conc\u00edlio Vaticano II. Tendo em vista a realiza\u00e7\u00e3o da Jornada Mundial da Juventude e a Campanha da Fraternidade de 2013, o evento conta com a presen\u00e7a do presidente da Comiss\u00e3o Episcopal Pastoral para a Juventude, dom Eduardo Pinheiro da Silva, que apresentar\u00e1 a tem\u00e1tica da juventude para os participantes.<\/p>\n<p style=\"text-align: justify\">No cronograma de atividades da assembleia tamb\u00e9m foi reservado um momento para a celebra\u00e7\u00e3o das dioceses jubilares: diocese de Amargosa, que celebrou 70 anos de hist\u00f3ria e que tem como bispo dom Jo\u00e3o Nilton dos Santos Souza, diocese de Bom Jesus da Lapa, que tem como bispo dom Jos\u00e9 Valmor Cesar Teixeira e que celebrar\u00e1 no dia 17 de novembro de 2012 os seus 50 anos, a arquidiocese de Feira de Santana, de dom frei Itamar Viana, que completou 50 anos no dia 21 de julho do ano corrente, diocese de Juazeiro, que tamb\u00e9m celebrou 50 anos de funda\u00e7\u00e3o e tem como bispo dom Jos\u00e9 Geraldo da Cruz e a diocese de Teixeira de Freitas, do bispo Carlos Alberto dos Santos, que no dia 22 de julho de 2012 completou 50 anos de diocese.<\/p>\n","protected":false},"excerpt":{"rendered":"<p>Entre os dias 5 e 8 de novembro, bispos, coordenadores diocesanos de pastoral e representantes regionais das pastorais e movimentos participam da 50\u00aa Assembleia Regional de Pastoral, promovida pelo Regional Nordeste 3 da CNBB (Bahia e Sergipe). O encontro acontece no Centro de Treinamento de L\u00edderes (CTL), em Itapu\u00e3, Salvador (BA), e tem o Ano &hellip;<\/p>\n<p class=\"read-more\"> <a class=\"\" href=\"https:\/\/www.cnbb.org.br\/regional-nordeste-3-realiza-50o-assembleia-de-pastoral\/\"> <span class=\"screen-reader-text\">Regional Nordeste 3 realiza 50\u00ba Assembleia de Pastoral<\/span> Leia mais &raquo;<\/a><\/p>\n","protected":false},"author":83,"featured_media":23345,"comment_status":"open","ping_status":"open","sticky":false,"template":"","format":"standard","meta":{"site-sidebar-layout":"default","site-content-layout":"default","ast-global-header-display":"","ast-banner-title-visibility":"","ast-main-header-display":"","ast-hfb-above-header-display":"","ast-hfb-below-header-display":"","ast-hfb-mobile-header-display":"","site-post-title":"","ast-breadcrumbs-content":"","ast-featured-img":"","footer-sml-layout":"","theme-transparent-header-meta":"","adv-header-id-meta":"","stick-header-meta":"","header-above-stick-meta":"","header-main-stick-meta":"","header-below-stick-meta":""},"categories":[789,769],"tags":[],"acf":[],"_links":{"self":[{"href":"https:\/\/www.cnbb.org.br\/cnbb-app\/wp\/v2\/posts\/23344"}],"collection":[{"href":"https:\/\/www.cnbb.org.br\/cnbb-app\/wp\/v2\/posts"}],"about":[{"href":"https:\/\/www.cnbb.org.br\/cnbb-app\/wp\/v2\/types\/post"}],"author":[{"embeddable":true,"href":"https:\/\/www.cnbb.org.br\/cnbb-app\/wp\/v2\/users\/83"}],"replies":[{"embeddable":true,"href":"https:\/\/www.cnbb.org.br\/cnbb-app\/wp\/v2\/comments?post=23344"}],"version-history":[{"count":0,"href":"https:\/\/www.cnbb.org.br\/cnbb-app\/wp\/v2\/posts\/23344\/revisions"}],"wp:featuredmedia":[{"embeddable":true,"href":"https:\/\/www.cnbb.org.br\/cnbb-app\/wp\/v2\/media\/23345"}],"wp:attachment":[{"href":"https:\/\/www.cnbb.org.br\/cnbb-app\/wp\/v2\/media?parent=23344"}],"wp:term":[{"taxonomy":"category","embeddable":true,"href":"https:\/\/www.cnbb.org.br\/cnbb-app\/wp\/v2\/categories?post=23344"},{"taxonomy":"post_tag","embeddable":true,"href":"https:\/\/www.cnbb.org.br\/cnbb-app\/wp\/v2\/tags?post=23344"}],"curies":[{"name":"wp","href":"https:\/\/api.w.org\/{rel}","templated":true}]}}