{"id":23360,"date":"2013-01-23T00:00:00","date_gmt":"2013-01-23T02:00:00","guid":{"rendered":"https:\/\/www.cnbb.org.br\/dom-josafa-reune-candidatos-ao-diaconato-e-suas-esposas\/"},"modified":"2013-01-23T00:00:00","modified_gmt":"2013-01-23T02:00:00","slug":"dom-josafa-reune-candidatos-ao-diaconato-e-suas-esposas","status":"publish","type":"post","link":"https:\/\/www.cnbb.org.br\/dom-josafa-reune-candidatos-ao-diaconato-e-suas-esposas\/","title":{"rendered":"Dom Josaf\u00e1 re\u00fane candidatos ao diaconato e suas esposas"},"content":{"rendered":"<p style=\"text-align: justify\">Na manh\u00e3 do dia 19 de janeiro, o bispo diocesano, dom Josaf\u00e1 Menezes da Silva, reuniu-se com um grupo de homens que almejam a ordena\u00e7\u00e3o ao diaconato permanente e suas esposas, na Casa de Retiro S\u00e3o Bento em Barreiras (BA).<\/p>\n<p><!--more--><\/p>\n<p style=\"text-align: justify\">No encontro destacou-se o momento de ora\u00e7\u00e3o, o entrosamento entre os futuros di\u00e1conos e suas respectivas esposas, fam\u00edlia e o minist\u00e9rio diaconal. Houve ainda uma prepara\u00e7\u00e3o pr\u00e9via para a ordena\u00e7\u00e3o, que est\u00e1 prevista para este ano.<\/p>\n<p style=\"text-align: justify\">Durante todo o encontro o grupo refletiu sobre o envolvimento das esposas e filhos na Igreja atrav\u00e9s das pastorais, a miss\u00e3o do di\u00e1cono e a disponibilidade para colaborar na par\u00f3quia.<\/p>\n<p style=\"text-align: justify\">Para Jos\u00e9 Roberto Sant\u2019Ana, futuro di\u00e1cono, o minist\u00e9rio diaconal na Igreja \u00e9 uma iniciativa muito importante da Igreja atual, pois, o di\u00e1cono permanente pode contribuir muito para o crescimento do reino de Deus, principalmente entre as fam\u00edlias. \u201cCom certeza muitas dificuldades ir\u00e3o surgir, mas com a for\u00e7a e o apoio da Igreja, espero ajudar na medida do poss\u00edvel. Somos gratos com essa oportunidade iniciada por Dom Ricardo em nossa Diocese e abra\u00e7ada tamb\u00e9m por Dom Josaf\u00e1\u201d, afirmou.<\/p>\n<p style=\"text-align: justify\">Casais presentes:<br \/>\nReinilton Rodrigues e Maria Aparecida dos Santos<br \/>\nJos\u00e9 Roberto Sant\u2019Ana e Margarida Maria<br \/>\nFrancisco de Assis Gad\u00ealha e Antonieta Barbosa<br \/>\nJos\u00e9 Ferreira e Gildete da Silva<br \/>\nNo\u00e9 Rdrigues e Adenice de Jesus<br \/>\nDivanilson (Da Mata) e Maria Euclides Costa<br \/>\nDomingos Soares e Helenice Batista<\/p>\n","protected":false},"excerpt":{"rendered":"<p>Na manh\u00e3 do dia 19 de janeiro, o bispo diocesano, dom Josaf\u00e1 Menezes da Silva, reuniu-se com um grupo de homens que almejam a ordena\u00e7\u00e3o ao diaconato permanente e suas esposas, na Casa de Retiro S\u00e3o Bento em Barreiras (BA).<\/p>\n","protected":false},"author":83,"featured_media":23361,"comment_status":"open","ping_status":"open","sticky":false,"template":"","format":"standard","meta":{"site-sidebar-layout":"default","site-content-layout":"default","ast-global-header-display":"","ast-banner-title-visibility":"","ast-main-header-display":"","ast-hfb-above-header-display":"","ast-hfb-below-header-display":"","ast-hfb-mobile-header-display":"","site-post-title":"","ast-breadcrumbs-content":"","ast-featured-img":"","footer-sml-layout":"","theme-transparent-header-meta":"","adv-header-id-meta":"","stick-header-meta":"","header-above-stick-meta":"","header-main-stick-meta":"","header-below-stick-meta":""},"categories":[789,769],"tags":[],"acf":[],"_links":{"self":[{"href":"https:\/\/www.cnbb.org.br\/cnbb-app\/wp\/v2\/posts\/23360"}],"collection":[{"href":"https:\/\/www.cnbb.org.br\/cnbb-app\/wp\/v2\/posts"}],"about":[{"href":"https:\/\/www.cnbb.org.br\/cnbb-app\/wp\/v2\/types\/post"}],"author":[{"embeddable":true,"href":"https:\/\/www.cnbb.org.br\/cnbb-app\/wp\/v2\/users\/83"}],"replies":[{"embeddable":true,"href":"https:\/\/www.cnbb.org.br\/cnbb-app\/wp\/v2\/comments?post=23360"}],"version-history":[{"count":0,"href":"https:\/\/www.cnbb.org.br\/cnbb-app\/wp\/v2\/posts\/23360\/revisions"}],"wp:featuredmedia":[{"embeddable":true,"href":"https:\/\/www.cnbb.org.br\/cnbb-app\/wp\/v2\/media\/23361"}],"wp:attachment":[{"href":"https:\/\/www.cnbb.org.br\/cnbb-app\/wp\/v2\/media?parent=23360"}],"wp:term":[{"taxonomy":"category","embeddable":true,"href":"https:\/\/www.cnbb.org.br\/cnbb-app\/wp\/v2\/categories?post=23360"},{"taxonomy":"post_tag","embeddable":true,"href":"https:\/\/www.cnbb.org.br\/cnbb-app\/wp\/v2\/tags?post=23360"}],"curies":[{"name":"wp","href":"https:\/\/api.w.org\/{rel}","templated":true}]}}