{"id":23378,"date":"2013-07-18T00:00:00","date_gmt":"2013-07-18T03:00:00","guid":{"rendered":"https:\/\/www.cnbb.org.br\/jovens-alemaes-em-santa-catarina\/"},"modified":"2013-07-18T00:00:00","modified_gmt":"2013-07-18T03:00:00","slug":"jovens-alemaes-em-santa-catarina","status":"publish","type":"post","link":"https:\/\/www.cnbb.org.br\/jovens-alemaes-em-santa-catarina\/","title":{"rendered":"Jovens alem\u00e3es em Santa Catarina"},"content":{"rendered":"<p style=\"text-align: justify\">Na noite desta quarta-feira, 17 de julho, a Arqudiocese de Florian\u00f3polis (SC) recebeu 47 alem\u00e3es que para participar da Semana Mission\u00e1ria. O evento que antecede a Jornada Mundial da Juventude, que ser\u00e1 realizada na pr\u00f3xima semana no Rio de Janeiro. Eles foram acolhidos por 20 fam\u00edlias do centro da cidade.<\/p>\n<p><!--more--><\/p>\n<p style=\"text-align: justify\">\nOs jovens passaram por Foz do Igua\u00e7u, no Paran\u00e1, onde estavam desde segunda-feira, para passeio. Em Florian\u00f3polis, de hoje at\u00e9 s\u00e1bado eles participar\u00e3o de uma s\u00e9rie de atividades para que conhe\u00e7am a nossa viv\u00eancia crist\u00e3, nosso trabalho social e nossa cultura. Segundo Pe. Ewerton Gerent, vig\u00e1rio da Catedral, as fam\u00edlias acolhedoras foram preparadas com anteced\u00eancia para receber os peregrinos. Eles receberam orienta\u00e7\u00f5es de acolhida e de como conversar com eles, al\u00e9m do objetivo da Semana Mission\u00e1ria. \u201cA l\u00edngua n\u00e3o \u00e9 um problema, pois nos locais de acolhida h\u00e1 quem fale ingl\u00eas, e todos os peregrinos conhecem a l\u00edngua\u201d, disse.<\/p>\n<p style=\"text-align: justify\">\nUma das fam\u00edlias acolhedoras \u00e9 a de Alessandra Fullgraf, que acolhe em sua casa duas jovens. Segundo ela, seguiram as recomenda\u00e7\u00f5es da equipe de coordena\u00e7\u00e3o da Semana Mission\u00e1ria e prepararam um quarto para receb\u00ea-las. At\u00e9 um kit com coisas daqui foi preparado para que as alem\u00e3s levem um pouco de Florian\u00f3polis. \u201cEu ia participar da Jornada, mas comecei a trabalhar. Ser\u00e1 uma forma de participar estando aqui\u201d, disse Alessandra.<\/p>\n<p style=\"text-align: justify\">\nHipolito e Anamaria tamb\u00e9m \u00e9 um casal acolhedor. Eles estavam se preparando para acolher uma jovem desde que foram abertas as inscri\u00e7\u00f5es. Com tr\u00eas filhos, todos j\u00e1 fora de casa, dois no exterior, o casal preparou a casa para receber a jovem. \u201c\u00c9 uma forma de reviver o tempo que atu\u00e1vamos no Movimento P\u00f3len (movimento jovem da Catedral)\u201d, disse Hip\u00f3lito. Anemarie Baumeister \u00e9 a \u00fanica das alem\u00e3s que fala o portugu\u00eas, que aprendeu na faculdade e em viagem que realizou a Portugal. \u00c9 a sua primeira visita ao Brasil e est\u00e1 achando tudo muito bonito. \u201cAs pessoas s\u00e3o muito simp\u00e1ticas e acolhedoras\u201d, disse.<\/p>\n<p style=\"text-align: justify\">\n<strong>COINCID\u00caNCIA<\/strong><br \/>\nEnquanto aguardavam a chegada dos peregrinos alem\u00e3es, a equipe de acolhida foi surpreendida com a presen\u00e7a de oito mexicanos. Eles anteciparam a vinda para a Jornada Mundial da Juventude e deram uma esticada at\u00e9 Florian\u00f3polis. O grupo fotografava as beleza da capital catarinense no Largo da Alf\u00e2ndega e foi identificado por conta da camiseta da JMJ.<\/p>\n<p><strong>PROGRAMA\u00c7\u00c3O<\/strong><br \/>\nA programa\u00e7\u00e3o inicia HOJE (18\/07), \u00e0s 9h, com a Ora\u00e7\u00e3o da Manh\u00e3, na Catedral. Depois, os jovens seguem para o Morro do Mocot\u00f3, no Centro, onde conhecer\u00e3o a Associa\u00e7\u00e3o dos Amigos do Morro do Mocot\u00f3, na Prainha, um dos projetos ligado ao Instituto Vilson Groh &#8211; IVG. L\u00e1 almo\u00e7ar\u00e3o e depois conhecer\u00e3o um pouco da cidade. A noite haver\u00e1 uma Celebra\u00e7\u00e3o Eucar\u00edstica na Par\u00f3quia Santa Teresinha do Menino Jesus.<\/p>\n<p style=\"text-align: justify\">\nNa sexta-feira, haver\u00e1 novamente a Ora\u00e7\u00e3o da Manh\u00e3 na Catedral, \u00e0s 9h, dessa vez reunindo os alem\u00e3es e os peregrinos argentinos que ser\u00e3o acolhidos em Florian\u00f3polis. Depois os alem\u00e3es conhecer\u00e3o o Centro de Educa\u00e7\u00e3o e Evangeliza\u00e7\u00e3o Popular \u2013 CEDEP, enquanto os argentinos conhecer\u00e3o o Monte Serrat, e os projetos realizados na comunidade. Os dois projetos s\u00e3o ligados ao IVG. \u00c0 tarde todos eles far\u00e3o um passeio para conhecer a cidade.<\/p>\n<p style=\"text-align: justify\">\nNo s\u00e1bado, os peregrinos, as fam\u00edlias que os acolheram e os jovens daqui que participar\u00e3o da Jornada Mundial da Juventude se reunir\u00e3o \u00e0s 10h, no Centro de Evangeliza\u00e7\u00e3o Angelino Rosa \u2013 CEAR, em Governador Celso Ramos, para a Celebra\u00e7\u00e3o de Envio. Os jovens que foram acolhidos na regi\u00e3o norte da Arquidiocese participar\u00e3o da Celebra\u00e7\u00e3o de Envio no Santu\u00e1rio de Santa Paulina, no mesmo dia \u00e0s 15h. Ambas as celebra\u00e7\u00f5es ser\u00e3o presididas pelo arcebispo de Florian\u00f3polis Dom Wilson Tadeu J\u00f6nck.<br \/>\nNa manh\u00e3 de domingo eles seguem para o Rio de Janeiro, onde participar\u00e3o da Jornada Mundial da Juventude.<\/p>\n","protected":false},"excerpt":{"rendered":"<p>Na noite desta quarta-feira, 17 de julho, a Arqudiocese de Florian\u00f3polis (SC) recebeu 47 alem\u00e3es que para participar da Semana Mission\u00e1ria. O evento que antecede a Jornada Mundial da Juventude, que ser\u00e1 realizada na pr\u00f3xima semana no Rio de Janeiro. Eles foram acolhidos por 20 fam\u00edlias do centro da cidade.<\/p>\n","protected":false},"author":83,"featured_media":23379,"comment_status":"open","ping_status":"open","sticky":false,"template":"","format":"standard","meta":{"site-sidebar-layout":"default","site-content-layout":"default","ast-global-header-display":"","ast-banner-title-visibility":"","ast-main-header-display":"","ast-hfb-above-header-display":"","ast-hfb-below-header-display":"","ast-hfb-mobile-header-display":"","site-post-title":"","ast-breadcrumbs-content":"","ast-featured-img":"","footer-sml-layout":"","theme-transparent-header-meta":"","adv-header-id-meta":"","stick-header-meta":"","header-above-stick-meta":"","header-main-stick-meta":"","header-below-stick-meta":""},"categories":[789,769],"tags":[],"acf":[],"_links":{"self":[{"href":"https:\/\/www.cnbb.org.br\/cnbb-app\/wp\/v2\/posts\/23378"}],"collection":[{"href":"https:\/\/www.cnbb.org.br\/cnbb-app\/wp\/v2\/posts"}],"about":[{"href":"https:\/\/www.cnbb.org.br\/cnbb-app\/wp\/v2\/types\/post"}],"author":[{"embeddable":true,"href":"https:\/\/www.cnbb.org.br\/cnbb-app\/wp\/v2\/users\/83"}],"replies":[{"embeddable":true,"href":"https:\/\/www.cnbb.org.br\/cnbb-app\/wp\/v2\/comments?post=23378"}],"version-history":[{"count":0,"href":"https:\/\/www.cnbb.org.br\/cnbb-app\/wp\/v2\/posts\/23378\/revisions"}],"wp:featuredmedia":[{"embeddable":true,"href":"https:\/\/www.cnbb.org.br\/cnbb-app\/wp\/v2\/media\/23379"}],"wp:attachment":[{"href":"https:\/\/www.cnbb.org.br\/cnbb-app\/wp\/v2\/media?parent=23378"}],"wp:term":[{"taxonomy":"category","embeddable":true,"href":"https:\/\/www.cnbb.org.br\/cnbb-app\/wp\/v2\/categories?post=23378"},{"taxonomy":"post_tag","embeddable":true,"href":"https:\/\/www.cnbb.org.br\/cnbb-app\/wp\/v2\/tags?post=23378"}],"curies":[{"name":"wp","href":"https:\/\/api.w.org\/{rel}","templated":true}]}}