{"id":23394,"date":"2014-04-09T00:00:00","date_gmt":"2014-04-09T03:00:00","guid":{"rendered":"https:\/\/www.cnbb.org.br\/arquidiocese-de-salvador-propoe-acoes-pastorais-para-a-copa-2014\/"},"modified":"2014-04-09T00:00:00","modified_gmt":"2014-04-09T03:00:00","slug":"arquidiocese-de-salvador-propoe-acoes-pastorais-para-a-copa-2014","status":"publish","type":"post","link":"https:\/\/www.cnbb.org.br\/arquidiocese-de-salvador-propoe-acoes-pastorais-para-a-copa-2014\/","title":{"rendered":"Arquidiocese de Salvador prop\u00f5e a\u00e7\u00f5es pastorais para a Copa 2014"},"content":{"rendered":"<p style=\"text-align: justify\">Com o objetivo de desenvolver estrat\u00e9gias para melhor acolher os turistas que estar\u00e3o no Brasil durante a Copa do Mundo 2014 e nas capitais do pa\u00eds, a arquidiocese de Salvador (BA) realizou o encontro \u201cA\u00e7\u00f5es Pastorais para a Copa\u201d, no dia 28 de mar\u00e7o.<\/p>\n<p>  <!--more-->  <\/p>\n<p style=\"text-align: justify\">\u00a0<\/p>\n<p style=\"text-align: justify\">Um grande quantidade de turistas chegar\u00e3o \u00e0 capital baiana e a comiss\u00e3o local da arquidiocese pretende colaborar para que os visitantes e a popula\u00e7\u00e3o possam ter a oportunidade de vivenciar a f\u00e9 e os valores \u00e9ticos e human\u00edsticos durante todo o per\u00edodo do evento esportivo.<\/p>\n<p style=\"text-align: justify\">\u00a0<span style=\"line-height: 1.3em\">As lideran\u00e7as reuniram-se na sala de aula da Pastoral de Comunica\u00e7\u00e3o Arquidiocesana, com presen\u00e7a do coordenador da Pascom, padre Manoel Filho; p\u00e1roco da Catedral Bas\u00edlica, padre L\u00e1zaro Muniz; Marly dos Santos Andrade e Irm\u00e3 Rosa Elena Cipr\u00e9s D\u00edaz, da Rede Um Grito Pela Vida, representantes de comunidades, da secretaria de turismo, entre outros.<\/span><\/p>\n","protected":false},"excerpt":{"rendered":"<p>Com o objetivo de desenvolver estrat\u00e9gias para melhor acolher os turistas que estar\u00e3o no Brasil durante a Copa do Mundo 2014 e nas capitais do pa\u00eds, a arquidiocese de Salvador (BA) realizou o encontro \u201cA\u00e7\u00f5es Pastorais para a Copa\u201d, no dia 28 de mar\u00e7o.<\/p>\n","protected":false},"author":83,"featured_media":23395,"comment_status":"open","ping_status":"open","sticky":false,"template":"","format":"standard","meta":{"site-sidebar-layout":"default","site-content-layout":"default","ast-global-header-display":"","ast-banner-title-visibility":"","ast-main-header-display":"","ast-hfb-above-header-display":"","ast-hfb-below-header-display":"","ast-hfb-mobile-header-display":"","site-post-title":"","ast-breadcrumbs-content":"","ast-featured-img":"","footer-sml-layout":"","theme-transparent-header-meta":"","adv-header-id-meta":"","stick-header-meta":"","header-above-stick-meta":"","header-main-stick-meta":"","header-below-stick-meta":""},"categories":[789,769],"tags":[],"acf":[],"_links":{"self":[{"href":"https:\/\/www.cnbb.org.br\/cnbb-app\/wp\/v2\/posts\/23394"}],"collection":[{"href":"https:\/\/www.cnbb.org.br\/cnbb-app\/wp\/v2\/posts"}],"about":[{"href":"https:\/\/www.cnbb.org.br\/cnbb-app\/wp\/v2\/types\/post"}],"author":[{"embeddable":true,"href":"https:\/\/www.cnbb.org.br\/cnbb-app\/wp\/v2\/users\/83"}],"replies":[{"embeddable":true,"href":"https:\/\/www.cnbb.org.br\/cnbb-app\/wp\/v2\/comments?post=23394"}],"version-history":[{"count":0,"href":"https:\/\/www.cnbb.org.br\/cnbb-app\/wp\/v2\/posts\/23394\/revisions"}],"wp:featuredmedia":[{"embeddable":true,"href":"https:\/\/www.cnbb.org.br\/cnbb-app\/wp\/v2\/media\/23395"}],"wp:attachment":[{"href":"https:\/\/www.cnbb.org.br\/cnbb-app\/wp\/v2\/media?parent=23394"}],"wp:term":[{"taxonomy":"category","embeddable":true,"href":"https:\/\/www.cnbb.org.br\/cnbb-app\/wp\/v2\/categories?post=23394"},{"taxonomy":"post_tag","embeddable":true,"href":"https:\/\/www.cnbb.org.br\/cnbb-app\/wp\/v2\/tags?post=23394"}],"curies":[{"name":"wp","href":"https:\/\/api.w.org\/{rel}","templated":true}]}}