{"id":23411,"date":"2014-08-18T00:00:00","date_gmt":"2014-08-18T03:00:00","guid":{"rendered":"https:\/\/www.cnbb.org.br\/regional-nordeste-3-reune-seminaristas-para-formacao\/"},"modified":"2014-08-18T00:00:00","modified_gmt":"2014-08-18T03:00:00","slug":"regional-nordeste-3-reune-seminaristas-para-formacao","status":"publish","type":"post","link":"https:\/\/www.cnbb.org.br\/regional-nordeste-3-reune-seminaristas-para-formacao\/","title":{"rendered":"Regional Nordeste 3 re\u00fane seminaristas para forma\u00e7\u00e3o"},"content":{"rendered":"<p style=\"text-align: justify\"><span style=\"line-height: 1.3em\">A dimens\u00e3o mission\u00e1ria esteve nas reflex\u00f5es do Encontro de Seminaristas do regional Nordeste 3 da CNBB, no in\u00edcio deste m\u00eas. A forma\u00e7\u00e3o foi organizada pelo Conselho Mission\u00e1rio do Semin\u00e1rio Arquidiocesano Nossa Senhora das Vit\u00f3rias (Comise), com participa\u00e7\u00e3o dos seminaristas \u00a0da arquidiocese de Vit\u00f3ria da Conquista e das dioceses de Bom Jesus da Lapa, Jequi\u00e9 e Livramento de Nossa Senhora.<\/span><\/p>\n<p>  <!--more-->  <\/p>\n<p style=\"text-align: justify\"><span style=\"line-height: 1.3em\">O encontro contou assessoria do coordenador do Comire e mission\u00e1rio redentorista, padre Ant\u00f4nio Niemiec. Durante a forma\u00e7\u00e3o, os seminaristas tiveram a oportunidade de estudar o sentido da anima\u00e7\u00e3o mission\u00e1ria como servi\u00e7o. \u201cO cora\u00e7\u00e3o do seminarista deve ser amplo para se abrir \u00e0 realidade universal da Igreja, reconhecendo que toda atividade precisa ser desempenhada com esp\u00edrito mission\u00e1rio\u201d, disse padre Niemiec.<\/span><\/p>\n<p style=\"text-align: justify\"><span style=\"line-height: 1.3em\">O Comise do Semin\u00e1rio de Vit\u00f3ria da Conquista, organizado h\u00e1 pouco tempo, prop\u00f5e aos seminaristas, momentos significativos de ora\u00e7\u00e3o, partilha e forma\u00e7\u00e3o mission\u00e1ria. Busca oferecer aos vocacionados forma\u00e7\u00e3o voltada \u00e0 miss\u00e3o e \u00e0 evangeliza\u00e7\u00e3o.\u00a0<\/span><\/p>\n<h5 style=\"text-align: justify\"><strong><em><span style=\"line-height: 1.3em\">Com informa\u00e7\u00f5es da assessoria de imprensa do regional Nordeste 3.<\/span><\/em><\/strong><\/h5>\n","protected":false},"excerpt":{"rendered":"<p>A dimens\u00e3o mission\u00e1ria esteve nas reflex\u00f5es do Encontro de Seminaristas do regional Nordeste 3 da CNBB, no in\u00edcio deste m\u00eas. A forma\u00e7\u00e3o foi organizada pelo Conselho Mission\u00e1rio do Semin\u00e1rio Arquidiocesano Nossa Senhora das Vit\u00f3rias (Comise), com participa\u00e7\u00e3o dos seminaristas \u00a0da arquidiocese de Vit\u00f3ria da Conquista e das dioceses de Bom Jesus da Lapa, Jequi\u00e9 e &hellip;<\/p>\n<p class=\"read-more\"> <a class=\"\" href=\"https:\/\/www.cnbb.org.br\/regional-nordeste-3-reune-seminaristas-para-formacao\/\"> <span class=\"screen-reader-text\">Regional Nordeste 3 re\u00fane seminaristas para forma\u00e7\u00e3o<\/span> Leia mais &raquo;<\/a><\/p>\n","protected":false},"author":83,"featured_media":23412,"comment_status":"open","ping_status":"open","sticky":false,"template":"","format":"standard","meta":{"site-sidebar-layout":"default","site-content-layout":"default","ast-global-header-display":"","ast-banner-title-visibility":"","ast-main-header-display":"","ast-hfb-above-header-display":"","ast-hfb-below-header-display":"","ast-hfb-mobile-header-display":"","site-post-title":"","ast-breadcrumbs-content":"","ast-featured-img":"","footer-sml-layout":"","theme-transparent-header-meta":"","adv-header-id-meta":"","stick-header-meta":"","header-above-stick-meta":"","header-main-stick-meta":"","header-below-stick-meta":""},"categories":[789,769],"tags":[],"acf":[],"_links":{"self":[{"href":"https:\/\/www.cnbb.org.br\/cnbb-app\/wp\/v2\/posts\/23411"}],"collection":[{"href":"https:\/\/www.cnbb.org.br\/cnbb-app\/wp\/v2\/posts"}],"about":[{"href":"https:\/\/www.cnbb.org.br\/cnbb-app\/wp\/v2\/types\/post"}],"author":[{"embeddable":true,"href":"https:\/\/www.cnbb.org.br\/cnbb-app\/wp\/v2\/users\/83"}],"replies":[{"embeddable":true,"href":"https:\/\/www.cnbb.org.br\/cnbb-app\/wp\/v2\/comments?post=23411"}],"version-history":[{"count":0,"href":"https:\/\/www.cnbb.org.br\/cnbb-app\/wp\/v2\/posts\/23411\/revisions"}],"wp:featuredmedia":[{"embeddable":true,"href":"https:\/\/www.cnbb.org.br\/cnbb-app\/wp\/v2\/media\/23412"}],"wp:attachment":[{"href":"https:\/\/www.cnbb.org.br\/cnbb-app\/wp\/v2\/media?parent=23411"}],"wp:term":[{"taxonomy":"category","embeddable":true,"href":"https:\/\/www.cnbb.org.br\/cnbb-app\/wp\/v2\/categories?post=23411"},{"taxonomy":"post_tag","embeddable":true,"href":"https:\/\/www.cnbb.org.br\/cnbb-app\/wp\/v2\/tags?post=23411"}],"curies":[{"name":"wp","href":"https:\/\/api.w.org\/{rel}","templated":true}]}}