{"id":23425,"date":"2014-12-04T00:00:00","date_gmt":"2014-12-04T02:00:00","guid":{"rendered":"https:\/\/www.cnbb.org.br\/diocese-de-picos-celebra-jubileu\/"},"modified":"2014-12-04T00:00:00","modified_gmt":"2014-12-04T02:00:00","slug":"diocese-de-picos-celebra-jubileu","status":"publish","type":"post","link":"https:\/\/www.cnbb.org.br\/diocese-de-picos-celebra-jubileu\/","title":{"rendered":"Diocese de Picos celebra Jubileu"},"content":{"rendered":"<p style=\"text-align: justify\"><span style=\"line-height: 1.3em\">Pertencente ao regional Nordeste 4 da Confer\u00eancia Nacional dos Bispos do Brasil (CNBB), que abrange o estado do Piau\u00ed, a diocese de Picos (PI) deu in\u00edcio, em 21 de setembro, \u00e0s comemora\u00e7\u00f5es jubilares de 40 anos de cria\u00e7\u00e3o e instala\u00e7\u00e3o da diocese.<\/span><\/p>\n<p><!--more--><\/p>\n<p style=\"text-align: justify\">Com o objetivo de incentivar as diversas comunidades a estarem sempre em comunh\u00e3o umas com as outras, em suas par\u00f3quias e em toda a diocese, o tema do ano jubilar \u00e9 \u201cSer Igreja, comunidade de comunidades, indo a todos e envolvendo a todos\u201d, e o lema, \u201cTodos abra\u00e7avam a f\u00e9 e viviam unidos\u201d (At 2,44).<\/p>\n<p style=\"text-align: justify\">Diversas comemora\u00e7\u00f5es festivas como visitas pastorais mission\u00e1rias, romaria penitencial, romaria do Jubileu em Juazeiro do Norte (CE) ser\u00e3o realizadas durante o ano jubilar, previsto para ser encerrado em 21 de setembro de 2015. As atividades seguem tr\u00eas passos significativos: a mem\u00f3ria da caminhada, a celebra\u00e7\u00e3o e o compromisso de perseverar no seguimento de Jesus Cristo, vivenciando o tema do Jubileu.<\/p>\n<p style=\"text-align: justify\">A comemora\u00e7\u00e3o do anivers\u00e1rio da diocese acontecer\u00e1 com uma missa, em 21 de setembro de 2015, na pra\u00e7a da Igreja Catedral. O evento contar\u00e1 com a presen\u00e7a do n\u00fancio apost\u00f3lico no Brasil, dom Giovanni D\u2019Aniello, al\u00e9m dos bispos do regional Nordeste 4 e outros regionais, assim como padres, autoridades civis e militares, religiosos, leigos e toda a comunidade.<\/p>\n<p style=\"text-align: justify\"><strong>Hist\u00f3ria<\/strong><\/p>\n<p style=\"text-align: justify\">A diocese de Picos foi criada em 38 de outubro de 1974, pela bula <em>Neminem Latet<\/em>, do papa Paulo VI, desmembrada da diocese de Oeiras. A padroeira escolhida \u00e9 Nossa Senhora dos Rem\u00e9dios. A instala\u00e7\u00e3o definitiva ocorreu em 21 de setembro de 1975, quando foi empossado o primeiro bispo, dom Augusto Alves da Rocha (1975-2001). Desde 2004, o bispo diocesano \u00e9 dom Pl\u00ednio Jos\u00e9 Luz da Silva.<\/p>\n<p style=\"text-align: justify\">Picos possui mais de 354 mil habitantes em 42 munic\u00edpios. Conta com 18 par\u00f3quias e uma \u00e1rea pastoral.<\/p>\n<p style=\"text-align: justify\"><span style=\"font-size: xx-small\"><strong><em>Com informa\u00e7\u00f5es da diocese de Picos<\/em><\/strong><\/span><\/p>\n","protected":false},"excerpt":{"rendered":"<p>Pertencente ao regional Nordeste 4 da Confer\u00eancia Nacional dos Bispos do Brasil (CNBB), que abrange o estado do Piau\u00ed, a diocese de Picos (PI) deu in\u00edcio, em 21 de setembro, \u00e0s comemora\u00e7\u00f5es jubilares de 40 anos de cria\u00e7\u00e3o e instala\u00e7\u00e3o da diocese.<\/p>\n","protected":false},"author":83,"featured_media":23426,"comment_status":"open","ping_status":"open","sticky":false,"template":"","format":"standard","meta":{"site-sidebar-layout":"default","site-content-layout":"default","ast-global-header-display":"","ast-banner-title-visibility":"","ast-main-header-display":"","ast-hfb-above-header-display":"","ast-hfb-below-header-display":"","ast-hfb-mobile-header-display":"","site-post-title":"","ast-breadcrumbs-content":"","ast-featured-img":"","footer-sml-layout":"","theme-transparent-header-meta":"","adv-header-id-meta":"","stick-header-meta":"","header-above-stick-meta":"","header-main-stick-meta":"","header-below-stick-meta":""},"categories":[817,769],"tags":[],"acf":[],"_links":{"self":[{"href":"https:\/\/www.cnbb.org.br\/cnbb-app\/wp\/v2\/posts\/23425"}],"collection":[{"href":"https:\/\/www.cnbb.org.br\/cnbb-app\/wp\/v2\/posts"}],"about":[{"href":"https:\/\/www.cnbb.org.br\/cnbb-app\/wp\/v2\/types\/post"}],"author":[{"embeddable":true,"href":"https:\/\/www.cnbb.org.br\/cnbb-app\/wp\/v2\/users\/83"}],"replies":[{"embeddable":true,"href":"https:\/\/www.cnbb.org.br\/cnbb-app\/wp\/v2\/comments?post=23425"}],"version-history":[{"count":0,"href":"https:\/\/www.cnbb.org.br\/cnbb-app\/wp\/v2\/posts\/23425\/revisions"}],"wp:featuredmedia":[{"embeddable":true,"href":"https:\/\/www.cnbb.org.br\/cnbb-app\/wp\/v2\/media\/23426"}],"wp:attachment":[{"href":"https:\/\/www.cnbb.org.br\/cnbb-app\/wp\/v2\/media?parent=23425"}],"wp:term":[{"taxonomy":"category","embeddable":true,"href":"https:\/\/www.cnbb.org.br\/cnbb-app\/wp\/v2\/categories?post=23425"},{"taxonomy":"post_tag","embeddable":true,"href":"https:\/\/www.cnbb.org.br\/cnbb-app\/wp\/v2\/tags?post=23425"}],"curies":[{"name":"wp","href":"https:\/\/api.w.org\/{rel}","templated":true}]}}