{"id":234439,"date":"2020-03-02T09:58:58","date_gmt":"2020-03-02T12:58:58","guid":{"rendered":"https:\/\/www.cnbb.org.br\/?p=234439"},"modified":"2020-09-08T14:11:25","modified_gmt":"2020-09-08T17:11:25","slug":"olhar-a-vida-com-os-olhos-de-deus","status":"publish","type":"post","link":"https:\/\/www.cnbb.org.br\/olhar-a-vida-com-os-olhos-de-deus\/","title":{"rendered":"Olhar a vida com os olhos de Deus"},"content":{"rendered":"<p style=\"text-align: right\"><strong>Dom Jos\u00e9 Gislon<\/strong><br \/>\n<strong>Diocese de Caxias do Sul<\/strong><\/p>\n<div class=\"gs\" style=\"text-align: justify\">\n<div class=\"\">\n<div id=\":15o\" class=\"ii gt\">\n<div id=\":15p\" class=\"a3s aXjCH \">\n<div dir=\"ltr\">\n<div>\n<div dir=\"ltr\" data-smartmail=\"gmail_signature\">\n<div dir=\"ltr\">\n<div>\n<div dir=\"ltr\">\n<div>\n<div dir=\"ltr\">\n<div><\/div>\n<\/div>\n<\/div>\n<\/div>\n<\/div>\n<\/div>\n<\/div>\n<\/div>\n<\/div>\n<\/div>\n<\/div>\n<div id=\":15u\" class=\"hq gt a10\"><\/div>\n<\/div>\n<\/div>\n<p style=\"text-align: justify\">Iniciamos o Tempo da Quaresma, e a Igreja no Brasil nos convida a vivermos este tempo de gra\u00e7a e convers\u00e3o, \u00e0 luz da Palavra de Deus, com a Campanha da Fraternidade, que este ano traz o tema<strong>: Fraternidade e Vida: Dom e Compromisso, <\/strong>e o lema: \u201c<strong>Viu, sentiu compaix\u00e3o e cuidou dele<\/strong>\u201d (Lc 10,33-34); baseada na par\u00e1bola do Bom Samaritano.<\/p>\n<p style=\"text-align: justify\">O objetivo geral da Campanha \u00e9 conscientizar as pessoas e a sociedade em geral, para que, \u00e0 luz da Palavra de Deus, saibam respeitar e valorizar o sentido da vida, desde a concep\u00e7\u00e3o e durante toda a sua peregrina\u00e7\u00e3o neste mundo. A vida, Dom e Compromisso, perpassa as rela\u00e7\u00f5es do m\u00fatuo cuidado entre as pessoas, na fam\u00edlia, na comunidade, na sociedade e no planeta, nossa Casa Comum.<\/p>\n<p style=\"text-align: justify\">Mas dificilmente teremos um olhar de compromisso com a vida, se vivermos centrados no nosso ego\u00edsmo, que nos leva \u00e0 indiferen\u00e7a. Comprometer-se com a vida, no sentido b\u00edblico, \u00e9 manifestar compaix\u00e3o pelos que est\u00e3o feridos na sua dignidade humana, e muitas vezes encontram-se ca\u00eddos \u00e0 margem da sociedade.<\/p>\n<p style=\"text-align: justify\">\u201cA Campanha da Fraternidade deste ano nos convoca a refletir sobre o significado mais profundo da vida\u201d, para que, tocados pela Palavra de Deus e iluminados pelo Esp\u00edrito Santo, possamos \u201cencontrar caminhos para que esse sentido seja fortalecido e, algumas vezes, at\u00e9 mesmo reencontrado\u201d. Ela quer nos interpelar a respeito do sentido que estamos, na pr\u00e1tica, atribuindo \u00e0 vida nas suas diversas dimens\u00f5es: pessoal, comunit\u00e1ria, social e ecol\u00f3gica. Precisamos, \u00e0 luz da Palavra de Deus e da caminhada quaresmal, vencer a \u201cglobaliza\u00e7\u00e3o da indiferen\u00e7a\u201d, que n\u00e3o sente compaix\u00e3o e nem consegue ver os que est\u00e3o feridos e prostrados \u00e0 beira do caminho. \u201cSe j\u00e1 n\u00e3o somos mais capazes de perceber a desumana dor ao nosso lado, tamb\u00e9m n\u00f3s nos tornamos desumanizados\u201d (Papa Francisco). \u201cN\u00e3o se pode viver a vida passando ao largo das dores dos irm\u00e3os e irm\u00e3s\u201d.<\/p>\n<p style=\"text-align: justify\">Podemos ser tentados a achar que j\u00e1 fizemos o suficiente, mas a for\u00e7a da Palavra de Deus, o amor-compaix\u00e3o, nos impele sempre a darmos um passo a mais em dire\u00e7\u00e3o aos necessitados, quando o cora\u00e7\u00e3o se abre para o interc\u00e2mbio do cuidado, e a criatividade se deixa conduzir pela fraternidade e pela solidariedade.<\/p>\n<p style=\"text-align: justify\">N\u00e3o devemos nos acomodar ou passar a fazer parte do clube da indiferen\u00e7a porque vemos a for\u00e7a do pecado agindo no mundo. \u201cA Quaresma \u00e9 um tempo para refor\u00e7armos em n\u00f3s a f\u00e9 no Ressuscitado. Jesus venceu a morte, Jesus derrotou o pecado. N\u2019Ele, com Ele e por Ele, tamb\u00e9m n\u00f3s o faremos, reconstruindo os la\u00e7os, unindo os cora\u00e7\u00f5es, as mentes e a sociedade\u201d num compromisso pela vida (CF 2020).<\/p>\n","protected":false},"excerpt":{"rendered":"<p>Dom Jos\u00e9 Gislon Diocese de Caxias do Sul Iniciamos o Tempo da Quaresma, e a Igreja no Brasil nos convida a vivermos este tempo de gra\u00e7a e convers\u00e3o, \u00e0 luz da Palavra de Deus, com a Campanha da Fraternidade, que este ano traz o tema: Fraternidade e Vida: Dom e Compromisso, e o lema: \u201cViu, &hellip;<\/p>\n<p class=\"read-more\"> <a class=\"\" href=\"https:\/\/www.cnbb.org.br\/olhar-a-vida-com-os-olhos-de-deus\/\"> <span class=\"screen-reader-text\">Olhar a vida com os olhos de Deus<\/span> Leia mais &raquo;<\/a><\/p>\n","protected":false},"author":20,"featured_media":0,"comment_status":"closed","ping_status":"open","sticky":false,"template":"","format":"standard","meta":{"site-sidebar-layout":"default","site-content-layout":"default","ast-global-header-display":"","ast-banner-title-visibility":"","ast-main-header-display":"","ast-hfb-above-header-display":"","ast-hfb-below-header-display":"","ast-hfb-mobile-header-display":"","site-post-title":"","ast-breadcrumbs-content":"","ast-featured-img":"","footer-sml-layout":"","theme-transparent-header-meta":"","adv-header-id-meta":"","stick-header-meta":"","header-above-stick-meta":"","header-main-stick-meta":"","header-below-stick-meta":""},"categories":[758],"tags":[],"acf":[],"_links":{"self":[{"href":"https:\/\/www.cnbb.org.br\/cnbb-app\/wp\/v2\/posts\/234439"}],"collection":[{"href":"https:\/\/www.cnbb.org.br\/cnbb-app\/wp\/v2\/posts"}],"about":[{"href":"https:\/\/www.cnbb.org.br\/cnbb-app\/wp\/v2\/types\/post"}],"author":[{"embeddable":true,"href":"https:\/\/www.cnbb.org.br\/cnbb-app\/wp\/v2\/users\/20"}],"replies":[{"embeddable":true,"href":"https:\/\/www.cnbb.org.br\/cnbb-app\/wp\/v2\/comments?post=234439"}],"version-history":[{"count":0,"href":"https:\/\/www.cnbb.org.br\/cnbb-app\/wp\/v2\/posts\/234439\/revisions"}],"wp:attachment":[{"href":"https:\/\/www.cnbb.org.br\/cnbb-app\/wp\/v2\/media?parent=234439"}],"wp:term":[{"taxonomy":"category","embeddable":true,"href":"https:\/\/www.cnbb.org.br\/cnbb-app\/wp\/v2\/categories?post=234439"},{"taxonomy":"post_tag","embeddable":true,"href":"https:\/\/www.cnbb.org.br\/cnbb-app\/wp\/v2\/tags?post=234439"}],"curies":[{"name":"wp","href":"https:\/\/api.w.org\/{rel}","templated":true}]}}