{"id":234552,"date":"2020-03-04T14:16:23","date_gmt":"2020-03-04T17:16:23","guid":{"rendered":"http:\/\/www.cnbb.org.br\/?p=234552"},"modified":"2020-10-23T15:57:47","modified_gmt":"2020-10-23T18:57:47","slug":"pascom-abre-inscricoes-para-o-7o-encontro-nacional-e-3o-seminario-de-jovens-comunicadores","status":"publish","type":"post","link":"https:\/\/www.cnbb.org.br\/pascom-abre-inscricoes-para-o-7o-encontro-nacional-e-3o-seminario-de-jovens-comunicadores\/","title":{"rendered":"Pascom abre inscri\u00e7\u00f5es para o 7\u00ba Encontro Nacional e 3\u00ba Semin\u00e1rio de Jovens Comunicadores"},"content":{"rendered":"<p style=\"text-align: justify\">A Pastoral da Comunica\u00e7\u00e3o (Pascom Brasil) abriu as inscri\u00e7\u00f5es para o seu 7\u00ba Encontro Nacional e 3\u00ba Semin\u00e1rio Nacional de Jovens Comunicadores. O evento acontece de 17 a 19 de julho de 2020, no Campus Cora\u00e7\u00e3o Eucar\u00edstico da Pontif\u00edcia Universidade Cat\u00f3lica de Minas Gerais (PUC Minas), em Belo Horizonte (MG). A Universidade acolhe e apoia o evento juntamente com a arquidiocese de Belo Horizonte. A realiza\u00e7\u00e3o do encontro e semin\u00e1rio \u00e9 da Confer\u00eancia Nacional dos Bispos do Brasil (CNBB), por meio das Comiss\u00f5es Episcopais Pastorais para Comunica\u00e7\u00e3o e para Juventude.<\/p>\n<p><a href=\"https:\/\/ciaticket.com.br\/e\/7o-encontro-nacional-da-pascom-%E2%80%93-3o-seminario-nacional-de-jovens-comunicadores17072020-262\" target=\"_blank\" rel=\"noopener\"><img decoding=\"async\" loading=\"lazy\" class=\"aligncenter\" src=\"https:\/\/pascombrasil.org.br\/wp-content\/uploads\/sites\/153\/2020\/03\/unnamed.jpg\" alt=\"\" width=\"757\" height=\"450\" \/><\/a><\/p>\n<p style=\"text-align: justify\">\u201cComunica\u00e7\u00e3o e juventude na Igreja em sa\u00edda\u201d \u00e9 o tema do evento duplo que se apresenta em unidade com o pontificado do Papa Francisco e com as Diretrizes Gerais da A\u00e7\u00e3o Evangelizadora da Igreja no Brasil (DGAE 2019-2023).<\/p>\n<p style=\"text-align: justify\">Em unidade com o pontificado do Papa Francisco e com as Diretrizes Gerais da A\u00e7\u00e3o Evangelizadora da Igreja no Brasil, o tema central ser\u00e1 Comunica\u00e7\u00e3o e Juventudes na Igreja em Sa\u00edda.<\/p>\n<h3 style=\"text-align: justify\">Programa\u00e7\u00e3o<\/h3>\n<p style=\"text-align: justify\"><img decoding=\"async\" class=\"alignleft\" src=\"https:\/\/pascombrasil.org.br\/wp-content\/uploads\/sites\/153\/2020\/03\/centro-de-espiritualidade-300x185.jpg\" \/>Forma\u00e7\u00e3o e espiritualidade ser\u00e3o os eixos da Pascom favorecidos pelos encontro primordialmente, segundo os organizadores. A programa\u00e7\u00e3o contar\u00e1 com confer\u00eancias, workshops, mesas redondas, espa\u00e7o para di\u00e1logo e partilha de experi\u00eancias positivas. A comunica\u00e7\u00e3o da Palavra de Deus, juventudes e ambi\u00eancia digital, novas narrativas ser\u00e3o alguns dos temas abordados nas palestras principais. Ser\u00e3o ofertados 13 workshops com tem\u00e1ticas distintas e o participante poder\u00e1 fazer sua escolha no ato da inscri\u00e7\u00e3o.<\/p>\n<p style=\"text-align: justify\">Para fortalecer do eixo da espiritualidade, os momentos de ora\u00e7\u00e3o e celebra\u00e7\u00f5es eucar\u00edsticas ser\u00e3o vivenciados no Centro de Espiritualidade Jesus P\u00e3o da Vida, inaugurado recentemente nas depend\u00eancias da PUC Minas.<\/p>\n<p>&nbsp;<\/p>\n<p style=\"text-align: justify\"><strong>&gt;&gt;&gt; PROGRAMA\u00c7\u00c3O\u00a0<\/strong><\/p>\n<p style=\"text-align: justify\"><em>17 de julho de 2020<\/em><br \/>\n16h \u2013 Credenciamento \/ Anima\u00e7\u00e3o<br \/>\n17h \u2013 Solenidade de abertura<br \/>\n17h30 \u2013 ESPIRITUALIDADE: Mem\u00f3ria agradecida<br \/>\n18h \u2013 Confer\u00eancia de abertura: COMUNICAR A PALAVRA DE DEUS NA IGREJA EM SA\u00cdDA<br \/>\n18h50 \u2013 DI\u00c1LOGOS (tempo para perguntas e considera\u00e7\u00f5es)<br \/>\n19h10 \u00a0\u2013 Mesa redonda: JUVENTUDES E AMBI\u00caNCIA DIGITAL: PERSPECTIVAS, COMPROMISSOS E PROFETISMO<br \/>\n20h \u2013 DI\u00c1LOGOS<br \/>\n20h30 \u2013 ESPIRITUALIDADE: Ora\u00e7\u00e3o da Noite<br \/>\n&#8211; Encerramento do dia<\/p>\n<p><em>18 de julho de 2020<\/em><br \/>\n8h \u2013 Santa Missa presidida por Dom Nelson Francelino Ferreira, bispo de Valen\u00e7a e presidente da Comiss\u00e3o Episcopal Pastoral para a Juventude da CNBB<br \/>\n9h \u2013 Anima\u00e7\u00e3o<br \/>\n9h10 \u2013 Confer\u00eancia: RE-PENSAR O CRISTIANISMO: DO LIKE AO AM\u00c9M<br \/>\n10h \u2013 Intervalo para coffee break<br \/>\n10h30 \u2013 Continua\u00e7\u00e3o: RE-PENSAR O CRISTIANISMO: DO LIKE AO AM\u00c9M<br \/>\n11h20 &#8211; DI\u00c1LOGOS<br \/>\n12h00 \u2013 COMUNICA\u00c7\u00c3O POSITIVA<br \/>\n12h30 \u2013 Almo\u00e7o<br \/>\n13h30 \u2013 Anima\u00e7\u00e3o<br \/>\n14h \u2013 Confer\u00eancia: PASCOM EM SA\u00cdDA: COMUNICAR ESPERAN\u00c7A E MISERIC\u00d3RDIA NOS NOVOS TEMPOS<br \/>\n15h \u2013 WORKSHOPS<br \/>\n16h00 \u2013 Intervalo para coffee break<br \/>\n17h30 \u2013 Mesa redonda: CHRISTUS VIVIT: O AGORA DE DEUS NO AMBIENTE DIGITAL<br \/>\n18h30 \u2013 COM-VIV\u00caNCIAS<\/p>\n<p><em>19 de julho de 2020<\/em><br \/>\n8h \u2013 ESPIRITUALIDADE: Leitura orante na \u00f3tica da comunica\u00e7\u00e3o<br \/>\n9h \u2013 Anima\u00e7\u00e3o<br \/>\n9h10 \u2013 Confer\u00eancia: NOVAS NARRATIVAS: O HUMANO NA DIN\u00c2MICA DA COMUNICA\u00c7\u00c3O<br \/>\n10h &#8211; DI\u00c1LOGOS<br \/>\n10h30 \u2013 ENCAMINHAMENTOS<br \/>\n11h &#8211; ESPIRITUALIDADE: Santa Missa de encerramento e envio presidida por Dom Joaquim Giovani Mol Guimar\u00e3es, bispo auxiliar de Belo Horizonte e presidente da Comiss\u00e3o Episcopal para a Comunica\u00e7\u00e3o<br \/>\n12h \u2013 Almo\u00e7o e despedida<\/p>\n<p style=\"text-align: justify\"><a href=\"https:\/\/ciaticket.com.br\/e\/7o-encontro-nacional-da-pascom-%E2%80%93-3o-seminario-nacional-de-jovens-comunicadores17072020-262\" target=\"_blank\" rel=\"noopener\">Clique aqui e saiba mais sobre as condi\u00e7\u00f5es, valores e op\u00e7\u00f5es de inscri\u00e7\u00f5es, hospedagem e passagem a\u00e9reas.<\/a><\/p>\n","protected":false},"excerpt":{"rendered":"<p>\u201cComunica\u00e7\u00e3o e juventude na Igreja em sa\u00edda\u201d \u00e9 o tema do evento que ser\u00e1 em unidade com o pontificado do Papa Francisco e as DGAE 2019-2023<\/p>\n","protected":false},"author":83,"featured_media":234558,"comment_status":"closed","ping_status":"open","sticky":false,"template":"","format":"standard","meta":{"site-sidebar-layout":"default","site-content-layout":"default","ast-global-header-display":"","ast-banner-title-visibility":"","ast-main-header-display":"","ast-hfb-above-header-display":"","ast-hfb-below-header-display":"","ast-hfb-mobile-header-display":"","site-post-title":"","ast-breadcrumbs-content":"","ast-featured-img":"","footer-sml-layout":"","theme-transparent-header-meta":"","adv-header-id-meta":"","stick-header-meta":"","header-above-stick-meta":"","header-main-stick-meta":"","header-below-stick-meta":""},"categories":[878],"tags":[1185],"acf":[],"_links":{"self":[{"href":"https:\/\/www.cnbb.org.br\/cnbb-app\/wp\/v2\/posts\/234552"}],"collection":[{"href":"https:\/\/www.cnbb.org.br\/cnbb-app\/wp\/v2\/posts"}],"about":[{"href":"https:\/\/www.cnbb.org.br\/cnbb-app\/wp\/v2\/types\/post"}],"author":[{"embeddable":true,"href":"https:\/\/www.cnbb.org.br\/cnbb-app\/wp\/v2\/users\/83"}],"replies":[{"embeddable":true,"href":"https:\/\/www.cnbb.org.br\/cnbb-app\/wp\/v2\/comments?post=234552"}],"version-history":[{"count":0,"href":"https:\/\/www.cnbb.org.br\/cnbb-app\/wp\/v2\/posts\/234552\/revisions"}],"wp:featuredmedia":[{"embeddable":true,"href":"https:\/\/www.cnbb.org.br\/cnbb-app\/wp\/v2\/media\/234558"}],"wp:attachment":[{"href":"https:\/\/www.cnbb.org.br\/cnbb-app\/wp\/v2\/media?parent=234552"}],"wp:term":[{"taxonomy":"category","embeddable":true,"href":"https:\/\/www.cnbb.org.br\/cnbb-app\/wp\/v2\/categories?post=234552"},{"taxonomy":"post_tag","embeddable":true,"href":"https:\/\/www.cnbb.org.br\/cnbb-app\/wp\/v2\/tags?post=234552"}],"curies":[{"name":"wp","href":"https:\/\/api.w.org\/{rel}","templated":true}]}}