{"id":23463,"date":"2016-02-16T00:00:00","date_gmt":"2016-02-16T02:00:00","guid":{"rendered":"https:\/\/www.cnbb.org.br\/regional-nordeste-3-realiza-ii-modulo-da-escola-biblico-catequetica-dom-jairo-rui-de-matos\/"},"modified":"2016-02-16T00:00:00","modified_gmt":"2016-02-16T02:00:00","slug":"regional-nordeste-3-realiza-ii-modulo-da-escola-biblico-catequetica-dom-jairo-rui-de-matos","status":"publish","type":"post","link":"https:\/\/www.cnbb.org.br\/regional-nordeste-3-realiza-ii-modulo-da-escola-biblico-catequetica-dom-jairo-rui-de-matos\/","title":{"rendered":"Regional Nordeste 3 realiza II M\u00f3dulo da Escola B\u00edblico-Catequ\u00e9tica Dom Jairo Rui de Matos"},"content":{"rendered":"<p>Encontro aconteceu durante os dias 17 e 23 de janeiro<\/p>\n<p>  <!--more-->  <\/p>\n<p style=\"text-align: justify\">Cerca de 57 catequistas de diversas dioceses do regional Nordeste 3 da Confer\u00eancia Nacional dos Bispos do Brasil (CNBB) participaram do II M\u00f3dulo da Escola B\u00edblico-Catequ\u00e9tica Dom Jairo Rui Matos, durante os dias 17 e 23 de janeiro, em Feira de Santana (BA). Padres, religiosos, seminaristas e leigos engajados tamb\u00e9m marcaram presen\u00e7a.<\/p>\n<p style=\"text-align: justify\">Com reflex\u00f5es do assessor nacional da Comiss\u00e3o Episcopal Pastoral para a A\u00e7\u00e3o B\u00edblico-Catequ\u00e9tica, Ant\u00f4nio Marcos Depizzoli,\u00a0do padre Marcos Alc\u00e2ntara, da diocese de Barra (BA), e do padre Anderlan Fernandes, da arquidiocese de Aracaju, o encontro teve como eixo principal a convers\u00e3o.\u00a0<\/p>\n<p style=\"text-align: justify\">Disciplinas como \u201cB\u00edblia \u2013 Livros hist\u00f3ricos, sapienciais e prof\u00e9ticos\u201d; \u201cHist\u00f3ria da Catequese\u201d; \u201cCatequese Evangelizadora e Inicia\u00e7\u00e3o \u00e0 Vida Crist\u00e3, al\u00e9m de Espiritualidade\u201d foram ministradas durante o curso, levando-se em considera\u00e7\u00e3o a estrutura-base da escola, que \u00e9 inspirada no caminho da catequese e tem como proposta a evangeliza\u00e7\u00e3o.<\/p>\n<p style=\"text-align: justify\">Segundo os organizadores, no encontro, os participantes\u00a0tiveram a oportunidade de remodelarem-se espiritualmente, especialmente nas missas\u00a0celebradas todos os dias.<\/p>\n<p style=\"text-align: justify\">\u00a0<\/p>\n","protected":false},"excerpt":{"rendered":"<p>Encontro aconteceu durante os dias 17 e 23 de janeiro<\/p>\n","protected":false},"author":83,"featured_media":23464,"comment_status":"open","ping_status":"open","sticky":false,"template":"","format":"standard","meta":{"site-sidebar-layout":"default","site-content-layout":"default","ast-global-header-display":"","ast-banner-title-visibility":"","ast-main-header-display":"","ast-hfb-above-header-display":"","ast-hfb-below-header-display":"","ast-hfb-mobile-header-display":"","site-post-title":"","ast-breadcrumbs-content":"","ast-featured-img":"","footer-sml-layout":"","theme-transparent-header-meta":"","adv-header-id-meta":"","stick-header-meta":"","header-above-stick-meta":"","header-main-stick-meta":"","header-below-stick-meta":""},"categories":[789,769],"tags":[],"acf":[],"_links":{"self":[{"href":"https:\/\/www.cnbb.org.br\/cnbb-app\/wp\/v2\/posts\/23463"}],"collection":[{"href":"https:\/\/www.cnbb.org.br\/cnbb-app\/wp\/v2\/posts"}],"about":[{"href":"https:\/\/www.cnbb.org.br\/cnbb-app\/wp\/v2\/types\/post"}],"author":[{"embeddable":true,"href":"https:\/\/www.cnbb.org.br\/cnbb-app\/wp\/v2\/users\/83"}],"replies":[{"embeddable":true,"href":"https:\/\/www.cnbb.org.br\/cnbb-app\/wp\/v2\/comments?post=23463"}],"version-history":[{"count":0,"href":"https:\/\/www.cnbb.org.br\/cnbb-app\/wp\/v2\/posts\/23463\/revisions"}],"wp:featuredmedia":[{"embeddable":true,"href":"https:\/\/www.cnbb.org.br\/cnbb-app\/wp\/v2\/media\/23464"}],"wp:attachment":[{"href":"https:\/\/www.cnbb.org.br\/cnbb-app\/wp\/v2\/media?parent=23463"}],"wp:term":[{"taxonomy":"category","embeddable":true,"href":"https:\/\/www.cnbb.org.br\/cnbb-app\/wp\/v2\/categories?post=23463"},{"taxonomy":"post_tag","embeddable":true,"href":"https:\/\/www.cnbb.org.br\/cnbb-app\/wp\/v2\/tags?post=23463"}],"curies":[{"name":"wp","href":"https:\/\/api.w.org\/{rel}","templated":true}]}}