{"id":23465,"date":"2016-02-29T00:00:00","date_gmt":"2016-02-29T03:00:00","guid":{"rendered":"https:\/\/www.cnbb.org.br\/pastoral-carceraria-do-regional-ne-3-estuda-bula-misericodiae-vultus\/"},"modified":"2016-02-29T00:00:00","modified_gmt":"2016-02-29T03:00:00","slug":"pastoral-carceraria-do-regional-ne-3-estuda-bula-misericodiae-vultus","status":"publish","type":"post","link":"https:\/\/www.cnbb.org.br\/pastoral-carceraria-do-regional-ne-3-estuda-bula-misericodiae-vultus\/","title":{"rendered":"Pastoral Carcer\u00e1ria do regional NE 3 estuda bula Misericodiae Vultus"},"content":{"rendered":"<p style=\"text-align: justify\">Durante encontro, foi debatida situa\u00e7\u00e3o do sistema prisional baiano com autoridades<\/p>\n<p>  <!--more-->  <\/p>\n<p style=\"text-align: justify\">Agentes da Pastoral Carcer\u00e1ria (PCr) do regional Nordeste 3 da Confer\u00eancia Nacional dos Bispos do Brasil (CNBB) participaram,\u00a0nos dias 27 e 28 de fevereiro, na Casa de Encontro das Irm\u00e3s Merced\u00e1rias Mission\u00e1rias do Brasil, em Salvador (BA), do\u00a0encontro regional.<\/p>\n<p style=\"text-align: justify\">Na ocasi\u00e3o, representantes\u00a0de 15 dioceses do regional estudaram a bula de proclama\u00e7\u00e3o do Jubileu Extraordin\u00e1rio da Miseric\u00f3rdia\u00a0<em>Misericordiae Vultus<\/em>\u00a0e debateram, com autoridades presentes, sobre a situa\u00e7\u00e3o do sistema prisional baiano. Tamb\u00e9m foi escolhido o coordenador estadual da Pastoral. O tema foi assessorado pelo\u00a0frei Helton, da Prov\u00edncia Bahia e Sergipe dos Capuchinhos.<\/p>\n<p style=\"text-align: justify\">Na bula, o papa Francisco\u00a0recorda\u00a0que a\u00a0visita aos presos \u00e9 uma das obras de miseric\u00f3rdia corporal. \u201cA prega\u00e7\u00e3o de Jesus apresenta-nos estas obras de miseric\u00f3rdia, para podermos perceber se vivemos ou n\u00e3o como seus disc\u00edpulos. Redescubramos as obras de miseric\u00f3rdia corporal: dar de comer aos famintos, dar de beber aos sedentos, vestir os nus, acolher os peregrinos, dar assist\u00eancia aos enfermos, visitar os presos, enterrar os mortos\u201d, diz Francisco no texto.<\/p>\n<p style=\"text-align: justify\">\u201cNo nosso tempo, em que a Igreja est\u00e1 comprometida na nova evangeliza\u00e7\u00e3o, o tema da miseric\u00f3rdia exige ser reproposto com novo entusiasmo e uma a\u00e7\u00e3o pastoral renovada. \u00c9 determinante para a Igreja e para a credibilidade do seu an\u00fancio que viva e testemunhe, ela mesma, a miseric\u00f3rdia. A sua linguagem e os seus gestos, para penetrarem no cora\u00e7\u00e3o das pessoas e desafi\u00e1-las a encontrar novamente a estrada para regressar ao Pai, devem irradiar miseric\u00f3rdia\u201d, escreve o pont\u00edfice.<\/p>\n<p style=\"text-align: justify\">A primeira parte do encontro tamb\u00e9m teve a partilha da atua\u00e7\u00e3o da Pastoral Carcer\u00e1ria em cada diocese do regional e a ora\u00e7\u00e3o da Via Sacra.<\/p>\n<h3 style=\"text-align: justify\">Sistema Prisional<\/h3>\n<p style=\"text-align: justify\">A situa\u00e7\u00e3o do sistema prisional baiano foi tema de debate no domingo, 28. Com a presen\u00e7a de representantes do Grupo de Monitoramento do Sistema Carcer\u00e1rio (GMF) do Tribunal de Justi\u00e7a do Estado da Bahia, da Secretaria de Assuntos Prisionais do Estado da Bahia (Seapa), do ouvidor geral do Estado e do presidente da Comiss\u00e3o de Direitos Humanos da Assembleia Legislativa do Estado da Bahia, os agentes registraram as insatisfa\u00e7\u00f5es com o quadro considerado \u201cca\u00f3tico\u201d do sistema prisional no estado.\u00a0<\/p>\n<p style=\"text-align: justify\">Foram cobradas a\u00e7\u00f5es dos poderes judici\u00e1rio e executivo. De acordo com a Pastoral, os problemas continuam os mesmos. Superlota\u00e7\u00e3o, demora no julgamento de processos, unidades prisionais velhas e obsoletas, precariedade na assist\u00eancia \u00e0 sa\u00fade do preso e baixo n\u00famero de detentos trabalhando e estudando foram os aspectos negativos em destaque.<\/p>\n<p style=\"text-align: justify\">A PCr entregou ao ouvidor geral da Bahia uma den\u00fancia escrita com detalhes acerca da situa\u00e7\u00e3o prisional e a coordena\u00e7\u00e3o ir\u00e1 se reunir em breve para tratar dos problemas de forma mais pormenorizada e buscando solu\u00e7\u00f5es com o superintendente da Seapa e o membro do GMF do Tribunal de Justi\u00e7a da Bahia.<\/p>\n<h3 style=\"text-align: justify\">Coordena\u00e7\u00e3o<\/h3>\n<p style=\"text-align: justify\">Com a presen\u00e7a do bispo de Serrinha e referencial da Pastoral no regional NE 3, dom Ottorino Assolari, os participantes celebraram o avan\u00e7o do trabalho em algumas cidades da Bahia e do Sergipe, com o ingresso de novos membros e maior apoio por parte de novos bispos que assumiram recentemente dioceses nos dois estados. Tamb\u00e9m foi renovado o mandato do coordenador estadual da PCr. Francisco Carlos de Almeida, o Franco, da diocese de Jequi\u00e9 (BA), continuar\u00e1 \u00e0 frente das atividades na Bahia. Davi Pedreira continua como assessor jur\u00eddico.<\/p>\n<h5 style=\"text-align: justify\">Com informa\u00e7\u00f5es e fotografia da Pastoral Carcer\u00e1ria da Bahia e do Sergipe<\/h5>\n<p style=\"text-align: justify\">\u00a0<\/p>\n<p style=\"text-align: justify\">\u00a0<\/p>\n","protected":false},"excerpt":{"rendered":"<p>Durante encontro, foi debatida situa\u00e7\u00e3o do sistema prisional baiano com autoridades<\/p>\n","protected":false},"author":83,"featured_media":23466,"comment_status":"open","ping_status":"open","sticky":false,"template":"","format":"standard","meta":{"site-sidebar-layout":"default","site-content-layout":"default","ast-global-header-display":"","ast-banner-title-visibility":"","ast-main-header-display":"","ast-hfb-above-header-display":"","ast-hfb-below-header-display":"","ast-hfb-mobile-header-display":"","site-post-title":"","ast-breadcrumbs-content":"","ast-featured-img":"","footer-sml-layout":"","theme-transparent-header-meta":"","adv-header-id-meta":"","stick-header-meta":"","header-above-stick-meta":"","header-main-stick-meta":"","header-below-stick-meta":""},"categories":[789,769],"tags":[],"acf":[],"_links":{"self":[{"href":"https:\/\/www.cnbb.org.br\/cnbb-app\/wp\/v2\/posts\/23465"}],"collection":[{"href":"https:\/\/www.cnbb.org.br\/cnbb-app\/wp\/v2\/posts"}],"about":[{"href":"https:\/\/www.cnbb.org.br\/cnbb-app\/wp\/v2\/types\/post"}],"author":[{"embeddable":true,"href":"https:\/\/www.cnbb.org.br\/cnbb-app\/wp\/v2\/users\/83"}],"replies":[{"embeddable":true,"href":"https:\/\/www.cnbb.org.br\/cnbb-app\/wp\/v2\/comments?post=23465"}],"version-history":[{"count":0,"href":"https:\/\/www.cnbb.org.br\/cnbb-app\/wp\/v2\/posts\/23465\/revisions"}],"wp:featuredmedia":[{"embeddable":true,"href":"https:\/\/www.cnbb.org.br\/cnbb-app\/wp\/v2\/media\/23466"}],"wp:attachment":[{"href":"https:\/\/www.cnbb.org.br\/cnbb-app\/wp\/v2\/media?parent=23465"}],"wp:term":[{"taxonomy":"category","embeddable":true,"href":"https:\/\/www.cnbb.org.br\/cnbb-app\/wp\/v2\/categories?post=23465"},{"taxonomy":"post_tag","embeddable":true,"href":"https:\/\/www.cnbb.org.br\/cnbb-app\/wp\/v2\/tags?post=23465"}],"curies":[{"name":"wp","href":"https:\/\/api.w.org\/{rel}","templated":true}]}}