{"id":23470,"date":"2016-06-10T00:00:00","date_gmt":"2016-06-10T03:00:00","guid":{"rendered":"https:\/\/www.cnbb.org.br\/dom-murilo-preside-missa-de-encerramento-do-encontro-regional-da-pastoral-da-crianca\/"},"modified":"2016-06-10T00:00:00","modified_gmt":"2016-06-10T03:00:00","slug":"dom-murilo-preside-missa-de-encerramento-do-encontro-regional-da-pastoral-da-crianca","status":"publish","type":"post","link":"https:\/\/www.cnbb.org.br\/dom-murilo-preside-missa-de-encerramento-do-encontro-regional-da-pastoral-da-crianca\/","title":{"rendered":"Dom Murilo preside missa de encerramento do Encontro Regional da Pastoral da Crian\u00e7a"},"content":{"rendered":"<p style=\"text-align: justify\">Evento aconteceu de 7 a 10 de junho<\/p>\n<p>  <!--more-->  <\/p>\n<p style=\"text-align: justify\">\n<p style=\"text-align: justify\">O arcebispo de Salvador (BA) e vice-presidente da Confer\u00eancia Nacional dos Bispos do Brasil (CNBB), dom Murilo Krieger, presidiu missa de encerramento do Encontro Regional da Pastoral da Crian\u00e7a, nesta sexta-feira, 10 de junho. O evento, que\u00a0iniciou\u00a0na ter\u00e7a-feira, 7, reuniu cerca de 70 participantes, entre coordenadores diocesanos e estaduais, al\u00e9m de agentes de pastoral\u00a0da Bahia, Alagoas, Sergipe e Pernambuco.\u00a0<\/p>\n<p style=\"text-align: justify\">Segundo o coordenador estadual da Pastoral, Cosme Oliveira, a Bahia foi escolhida para o encontro, como parte das celebra\u00e7\u00f5es dos 30 anos da Pastoral da Crian\u00e7a no estado. \u201cEstamos muito felizes em receber o regional. \u00c9 uma oportunidade de avaliarmos todas as a\u00e7\u00f5es j\u00e1 realizadas para melhorar e fortalecer o esp\u00edrito mission\u00e1rio dos voluntariados nordestinos\u201d, declarou.\u00a0<\/p>\n<p style=\"text-align: justify\">A coordenadora nacional, irm\u00e3 Veneranda Alencar,\u00a0que esteve presente\u00a0\u00a0no evento, afirmou\u00a0que o encontro\u00a0foi\u00a0uma oportunidade de ouvir as bases e assim melhorar a miss\u00e3o. Para ela, o maior problema a ser enfrentado no momento pela\u00a0Pastoral da Crian\u00e7a \u00e9 conseguir novos volunt\u00e1rios, em especial os l\u00edderes comunit\u00e1rios que fazem o acompanhamento das crian\u00e7as. \u201cEsta escassez de volunt\u00e1rios n\u00e3o \u00e9 s\u00f3 na Pastoral da Crian\u00e7a, mas em todas as pastorais. Acredito que, com f\u00e9 em Deus, o entusiasmo e compromisso dos l\u00edderes atuantes, o apoio de nossos pastores, padres e bispos, a cada dia podemos despertar novas lideran\u00e7as\u201d, disse.\u00a0<\/p>\n<p style=\"text-align: justify\">No \u00faltimo dia do evento, tamb\u00e9m foi realizada uma avalia\u00e7\u00e3o das atividades do encontro, que objetivou trabalhar as futuras a\u00e7\u00f5es da Pastoral da Crian\u00e7a, com destaque para\u00a0a implementa\u00e7\u00e3o do acompanhamento nutricional.\u00a0<\/p>\n<h4 style=\"text-align: justify\">Com informa\u00e7\u00f5es e foto da arquidiocese de Salvador<\/h4>\n","protected":false},"excerpt":{"rendered":"<p>Evento aconteceu de 7 a 10 de junho<\/p>\n","protected":false},"author":83,"featured_media":20166,"comment_status":"open","ping_status":"open","sticky":false,"template":"","format":"standard","meta":{"site-sidebar-layout":"default","site-content-layout":"default","ast-global-header-display":"","ast-banner-title-visibility":"","ast-main-header-display":"","ast-hfb-above-header-display":"","ast-hfb-below-header-display":"","ast-hfb-mobile-header-display":"","site-post-title":"","ast-breadcrumbs-content":"","ast-featured-img":"","footer-sml-layout":"","theme-transparent-header-meta":"","adv-header-id-meta":"","stick-header-meta":"","header-above-stick-meta":"","header-main-stick-meta":"","header-below-stick-meta":""},"categories":[789,769],"tags":[],"acf":[],"_links":{"self":[{"href":"https:\/\/www.cnbb.org.br\/cnbb-app\/wp\/v2\/posts\/23470"}],"collection":[{"href":"https:\/\/www.cnbb.org.br\/cnbb-app\/wp\/v2\/posts"}],"about":[{"href":"https:\/\/www.cnbb.org.br\/cnbb-app\/wp\/v2\/types\/post"}],"author":[{"embeddable":true,"href":"https:\/\/www.cnbb.org.br\/cnbb-app\/wp\/v2\/users\/83"}],"replies":[{"embeddable":true,"href":"https:\/\/www.cnbb.org.br\/cnbb-app\/wp\/v2\/comments?post=23470"}],"version-history":[{"count":0,"href":"https:\/\/www.cnbb.org.br\/cnbb-app\/wp\/v2\/posts\/23470\/revisions"}],"wp:featuredmedia":[{"embeddable":true,"href":"https:\/\/www.cnbb.org.br\/cnbb-app\/wp\/v2\/media\/20166"}],"wp:attachment":[{"href":"https:\/\/www.cnbb.org.br\/cnbb-app\/wp\/v2\/media?parent=23470"}],"wp:term":[{"taxonomy":"category","embeddable":true,"href":"https:\/\/www.cnbb.org.br\/cnbb-app\/wp\/v2\/categories?post=23470"},{"taxonomy":"post_tag","embeddable":true,"href":"https:\/\/www.cnbb.org.br\/cnbb-app\/wp\/v2\/tags?post=23470"}],"curies":[{"name":"wp","href":"https:\/\/api.w.org\/{rel}","templated":true}]}}