{"id":234810,"date":"2020-03-09T16:27:57","date_gmt":"2020-03-09T19:27:57","guid":{"rendered":"http:\/\/www.cnbb.org.br\/?p=234810"},"modified":"2020-03-09T16:27:57","modified_gmt":"2020-03-09T19:27:57","slug":"em-2022-assembleia-geral-ordinaria-do-sinodo-dos-bispos-sera-sobre-igreja-e-sinodalidade","status":"publish","type":"post","link":"https:\/\/www.cnbb.org.br\/em-2022-assembleia-geral-ordinaria-do-sinodo-dos-bispos-sera-sobre-igreja-e-sinodalidade\/","title":{"rendered":"Em 2022, Assembleia Geral Ordin\u00e1ria do S\u00ednodo dos Bispos ser\u00e1 sobre Igreja e sinodalidade"},"content":{"rendered":"<div class=\"article__text\">\n<p style=\"text-align: justify\">\u201cPor uma Igreja sinodal: comunh\u00e3o, participa\u00e7\u00e3o e miss\u00e3o.\u201d A este tema ser\u00e1 dedicada a XVI Assembleia Geral Ordin\u00e1ria do S\u00ednodo dos Bispos, convocada pelo Papa Francisco para o m\u00eas de outubro de 2022. O comunicado com o an\u00fancio foi divulgado na manh\u00e3 de s\u00e1bado, dia 07 de mar\u00e7o, pelo Secret\u00e1rio-Geral do S\u00ednodo dos Bispos, cardeal Lorenzo Baldisseri.<\/p>\n<p style=\"text-align: justify\">Durante o seu pontificado, Francisco v\u00e1rias vezes recordou que a sinodalidade \u00e9 a via mestra na vida da Igreja. Por ocasi\u00e3o dos\u00a0<a href=\"http:\/\/w2.vatican.va\/content\/francesco\/pt\/speeches\/2015\/october\/documents\/papa-francesco_20151017_50-anniversario-sinodo.html\" target=\"_blank\" rel=\"external nofollow noopener noreferrer\">50 anos da institui\u00e7\u00e3o do S\u00ednodo dos bispos<\/a>, o Papa, em 17 de outubro de 2015, pronunciou essas palavras: \u201cAquilo que o Senhor nos pede, de certo modo est\u00e1 j\u00e1 tudo contido na palavra S\u00ednodo. Caminhar juntos \u2013 leigos, pastores, Bispo de Roma \u2013 \u00e9 um conceito f\u00e1cil de exprimir em palavras, mas n\u00e3o \u00e9 assim f\u00e1cil p\u00f4-lo em pr\u00e1tica&#8221;.<\/p>\n<div style=\"text-align: justify\">\n<div class=\"article__embed article__embed--border embed_style\">\n<blockquote><p>\u201cO caminho da sinodalidade \u00e9 precisamente o caminho que Deus espera da Igreja do terceiro mil\u00e9nio. (Papa Francisco, 17 de outubro de 2015)\u201d<\/p><\/blockquote>\n<\/div>\n<\/div>\n<h2 style=\"text-align: justify\">Uma pir\u00e2mide invertida<\/h2>\n<p style=\"text-align: justify\">A sinodalidade, destacou ainda em 2015 o Papa, oferece \u201co quadro interpretativo mais apropriado para compreender o pr\u00f3prio minist\u00e9rio hier\u00e1rquico\u201d.<\/p>\n<p style=\"text-align: justify\">\u201cSe compreendermos que, como diz S\u00e3o Jo\u00e3o Cris\u00f3stomo, Igreja e S\u00ednodo s\u00e3o sin\u00f4nimos, entenderemos tamb\u00e9m que dentro dela ningu\u00e9m pode ser elevado acima dos outros\u201d. \u201cPelo contr\u00e1rio \u2013 explicou o Santo Padre \u2013, na Igreja, \u00e9 necess\u00e1rio que algu\u00e9m se abaixe pondo-se ao servi\u00e7o dos irm\u00e3os ao longo do caminho.\u201d<\/p>\n<p style=\"text-align: justify\">Jesus constituiu a Igreja, colocando no seu v\u00e9rtice o Col\u00e9gio Apost\u00f3lico, no qual o ap\u00f3stolo Pedro \u00e9 a rocha. \u00a0Mas nesta Igreja, como numa pir\u00e2mide invertida, o v\u00e9rtice encontra-se abaixo da base. Por isso, observou Francisco, quem exerce a autoridade chama-se ministro, porque, segundo o significado original da palavra, s\u00e3o os menores no meio de todos.<\/p>\n<h2 style=\"text-align: justify\">N\u00edveis de sinodalidade<\/h2>\n<p style=\"text-align: justify\">O primeiro n\u00edvel de exerc\u00edcio da sinodalidade se realiza nas Igrejas particulares. O segundo n\u00edvel \u00e9 o das Prov\u00edncias, das Regi\u00f5es Eclesi\u00e1sticas e das Confer\u00eancias Episcopais. O \u00faltimo n\u00edvel \u00e9 o da Igreja universal. \u201cAqui o S\u00ednodo dos Bispos, representando o episcopado cat\u00f3lico \u2013, recordou o Papa &#8211; torna-se express\u00e3o da colegialidade episcopal dentro duma Igreja toda sinodal.\u201d<\/p>\n<h2 style=\"text-align: justify\">S\u00ednodo e sinodalidade<\/h2>\n<p style=\"text-align: justify\">Inspirando-se nas palavras do Papa por ocasi\u00e3o dos 50 anos da institui\u00e7\u00e3o do S\u00ednodo dos bispos, a Comiss\u00e3o Teol\u00f3gica Internacional conduziu, em 2018, um estudo sobre a sinodalidade na vida e na miss\u00e3o da Igreja.\u00a0S\u00ednodo \u2013 l\u00ea-se no documento &#8211; \u00e9 uma palavra antiga na tradi\u00e7\u00e3o da Igreja. \u00c9 composta pela preposi\u00e7\u00e3o \u03c3\u03cd\u03bd (com) e do substantivo \u1f41\u03b4\u03cc\u03c2 (caminho). Indica o caminho feito com o Povo de Deus. Desde os primeiros s\u00e9culos, s\u00e3o designadas com a palavra \u201cs\u00ednodo\u201d as assembleias eclesiais convocadas em v\u00e1rios n\u00edveis para discernir, \u00e0 luz da Palavra de Deus, quest\u00f5es doutrinais, lit\u00fargicas, can\u00f4nicas e pastorais. O termo\u00a0sinodalidade indica \u201co espec\u00edfico\u00a0<i>modus vivendi et operandi<\/i>\u00a0da Igreja Povo de Deus, que manifesta e realiza concretamente o seu ser comunh\u00e3o no caminhar juntos, em reunir-se em assembleia e na participa\u00e7\u00e3o ativa de todos os seus membros na sua miss\u00e3o evangelizadora\u201d.<\/p>\n<\/div>\n<p><strong>Com informa\u00e7\u00f5es do Vatican News<\/strong>    \t<\/p>\n","protected":false},"excerpt":{"rendered":"<p>O comunicado com o an\u00fancio foi divulgado no s\u00e1bado, dia 07 de mar\u00e7o, pelo Secret\u00e1rio-Geral do S\u00ednodo dos Bispos, cardeal Lorenzo Baldisseri<\/p>\n","protected":false},"author":83,"featured_media":234814,"comment_status":"closed","ping_status":"open","sticky":false,"template":"","format":"standard","meta":{"site-sidebar-layout":"default","site-content-layout":"default","ast-global-header-display":"","ast-banner-title-visibility":"","ast-main-header-display":"","ast-hfb-above-header-display":"","ast-hfb-below-header-display":"","ast-hfb-mobile-header-display":"","site-post-title":"","ast-breadcrumbs-content":"","ast-featured-img":"","footer-sml-layout":"","theme-transparent-header-meta":"","adv-header-id-meta":"","stick-header-meta":"","header-above-stick-meta":"","header-main-stick-meta":"","header-below-stick-meta":""},"categories":[784],"tags":[2320,1199,2265,2321],"acf":[],"_links":{"self":[{"href":"https:\/\/www.cnbb.org.br\/cnbb-app\/wp\/v2\/posts\/234810"}],"collection":[{"href":"https:\/\/www.cnbb.org.br\/cnbb-app\/wp\/v2\/posts"}],"about":[{"href":"https:\/\/www.cnbb.org.br\/cnbb-app\/wp\/v2\/types\/post"}],"author":[{"embeddable":true,"href":"https:\/\/www.cnbb.org.br\/cnbb-app\/wp\/v2\/users\/83"}],"replies":[{"embeddable":true,"href":"https:\/\/www.cnbb.org.br\/cnbb-app\/wp\/v2\/comments?post=234810"}],"version-history":[{"count":0,"href":"https:\/\/www.cnbb.org.br\/cnbb-app\/wp\/v2\/posts\/234810\/revisions"}],"wp:featuredmedia":[{"embeddable":true,"href":"https:\/\/www.cnbb.org.br\/cnbb-app\/wp\/v2\/media\/234814"}],"wp:attachment":[{"href":"https:\/\/www.cnbb.org.br\/cnbb-app\/wp\/v2\/media?parent=234810"}],"wp:term":[{"taxonomy":"category","embeddable":true,"href":"https:\/\/www.cnbb.org.br\/cnbb-app\/wp\/v2\/categories?post=234810"},{"taxonomy":"post_tag","embeddable":true,"href":"https:\/\/www.cnbb.org.br\/cnbb-app\/wp\/v2\/tags?post=234810"}],"curies":[{"name":"wp","href":"https:\/\/api.w.org\/{rel}","templated":true}]}}