{"id":234837,"date":"2020-03-11T07:00:55","date_gmt":"2020-03-11T10:00:55","guid":{"rendered":"http:\/\/www.cnbb.org.br\/?p=234837"},"modified":"2020-03-11T07:00:55","modified_gmt":"2020-03-11T10:00:55","slug":"padres-cantores-partilham-experiencia-de-evangelizar-atraves-da-musica","status":"publish","type":"post","link":"https:\/\/www.cnbb.org.br\/padres-cantores-partilham-experiencia-de-evangelizar-atraves-da-musica\/","title":{"rendered":"Padres cantores partilham experi\u00eancia de evangelizar atrav\u00e9s da m\u00fasica"},"content":{"rendered":"<p style=\"text-align: justify\">De Norte a Sul do Brasil, dificilmente h\u00e1 algum fiel que n\u00e3o conhe\u00e7a e tenha cantado alguma m\u00fasica interpretada por um padre cantor. \u201cOra\u00e7\u00e3o pela Fam\u00edlia\u201d, \u201cNossa Senhora\u201d, \u201cCura, Senhor\u201d, \u201cNoites trai\u00e7oeiras\u201d s\u00e3o algumas m\u00fasicas que ficaram eternizadas nas vozes de alguns dos padres que dedicam parte do seu minist\u00e9rio sacerdotal \u00e0 evangeliza\u00e7\u00e3o por meio da m\u00fasica. Participando do Encontro dos Padres Cantores, promovido pela Comiss\u00e3o Episcopal Pastoral para a Comunica\u00e7\u00e3o da Confer\u00eancia Nacional dos Bispos do Brasil (CNBB), alguns destes presb\u00edteros partilham sobre esta possibilidade de chegar aos cora\u00e7\u00f5es das pessoas.<\/p>\n<p style=\"text-align: justify\">\u201cA m\u00fasica \u00e9 algo extremamente importante, porque mexe com os sentimentos da pessoa e quando tem uma letra importante e uma m\u00fasica aud\u00edvel, realmente ela toca o cora\u00e7\u00e3o\u201d, afirma o padre Ricardo White, da arquidiocese de Niter\u00f3i (RJ). Com mais de 30 anos de miss\u00e3o, o padre j\u00e1 gravou oito CDs e atualmente se dedica, principalmente, ao trabalho pastoral e a shows beneficentes. Para White, a m\u00fasica \u201c\u2018seduz\u2019, no bom sentido da palavra\u201d e quando \u201ca Palavra de Deus \u00e9 bem colocada na m\u00fasica, toca o cora\u00e7\u00e3o\u201d.<\/p>\n<p><a href=\"https:\/\/flic.kr\/p\/2iCT3j9\" target=\"_blank\" rel=\"noopener\"><img decoding=\"async\" loading=\"lazy\" src=\"https:\/\/live.staticflickr.com\/65535\/49644109948_a661fd4295.jpg\" alt=\"IMG_9012\" width=\"500\" height=\"281\" \/><\/a><\/p>\n<p style=\"text-align: justify\">O padre Ant\u00f4nio Moreira Borges, popularizado como padre Ant\u00f4nio Maria, \u00e9 outro que j\u00e1 est\u00e1 h\u00e1 bastante tempo conciliando o minist\u00e9rio sacerdotal com um servi\u00e7o por meio da m\u00fasica e dos meios de comunica\u00e7\u00e3o. Ele revela que quando canta \u201cCura, Senhor\u201d, \u201cNossa Senhora\u201d, \u201cNoites Trai\u00e7oeiras\u201d e \u201cPegadas na areia\u201d sente pelo aplauso a proximidade do povo: \u201cquando come\u00e7a a m\u00fasica o p\u00fablico j\u00e1 delira, ent\u00e3o \u00e9 sinal que fala mais ao cora\u00e7\u00e3o deles\u201d.<\/p>\n<p style=\"text-align: justify\">\u00c9 neste contexto que o padre que mora em Jacare\u00ed (SP), no Mosteiro das Irm\u00e3s Filhas de Maria Servas dos Pequeninos, considera a exist\u00eancia dos padres cantores \u201cuma sacada maravilhosa de Deus\u201d. Em sua an\u00e1lise, todo mundo tem o cora\u00e7\u00e3o aberto para a m\u00fasica e ritmo dentro de si, como uma crian\u00e7a que desde os primeiros dias reconhece e reage \u00e0 m\u00fasica. \u201cA m\u00fasica est\u00e1 dentro de n\u00f3s. E \u00e9 muito interessante que a m\u00fasica, o canto entra mais no cora\u00e7\u00e3o que na cabe\u00e7a. As homilias entram mais na cabe\u00e7a e \u00e0s vezes custam a descer para o cora\u00e7\u00e3o. A m\u00fasica j\u00e1 vai direto, eu penso assim\u201d.<\/p>\n<p style=\"text-align: justify\">\u201cUma frase toca o seu cora\u00e7\u00e3o, voc\u00ea come\u00e7a a chorar de emo\u00e7\u00e3o, uma deixa voc\u00ea mais alegre, outra deixa voc\u00ea mais pensativo, por isso que eu digo que \u00e9 uma sacada de Deus inventar essa coisa dos padres que evangelizam pelo canto\u201d, comenta padre Ant\u00f4nio Maria.<\/p>\n<p><a href=\"https:\/\/flic.kr\/p\/2iCX7m3\" target=\"_blank\" rel=\"noopener\"><img decoding=\"async\" loading=\"lazy\" src=\"https:\/\/live.staticflickr.com\/65535\/49644903962_f4f54a7f6c.jpg\" alt=\"IMG_9010\" width=\"500\" height=\"281\" \/><\/a><\/p>\n<h3 style=\"text-align: justify\">Experi\u00eancias e partilhas<\/h3>\n<p style=\"text-align: justify\">Padre Ricardo \u00e9 Int\u00e9rprete de \u201cA esperan\u00e7a eternizar\u00e1\u201d, m\u00fasica adaptada por ele da m\u00fasica norte-americana \u201cUnchained Melody\u201d. \u201cEu quis dar uma conota\u00e7\u00e3o da vida eterna e as pessoas se sentiram muito tocadas por ela\u201d, conta. O padre tem experi\u00eancias \u201cincr\u00edveis\u201d de pessoas que partilharam receber as mensagens das m\u00fasicas como se fossem para elas pr\u00f3prias. \u201cTendo uma transforma\u00e7\u00e3o \u00e9 o que \u00e9 mais importante, porque a transforma\u00e7\u00e3o tem uma caracter\u00edstica tamb\u00e9m da pr\u00f3pria convers\u00e3o em si\u201d, considera.<\/p>\n<p style=\"text-align: justify\">Padre Ricardo White tamb\u00e9m ressalta que o dom da m\u00fasica \u00e9 gratuito recebido de Deus e que os padres cantores devem ser \u201cbons administradores\u201d desse dom, sem ter vaidade e entender que \u00e9 \u201cum caminho que conduz \u00e0 evangeliza\u00e7\u00e3o\u201d. Outras m\u00fasicas marcantes em sua trajet\u00f3ria s\u00e3o Sant\u00edssima e Presen\u00e7a Real, popularmente conhecida como Noites Trai\u00e7oeiras.<\/p>\n<h3 style=\"text-align: justify\">Privil\u00e9gio<\/h3>\n<p style=\"text-align: justify\">Administradores do dom da m\u00fasica que fala aos cora\u00e7\u00f5es, os padres cantores tem uma rela\u00e7\u00e3o de vida e voca\u00e7\u00e3o com a m\u00fasica. Padre Ant\u00f4nio Maria sente-se privilegiado por ter se tornado um \u201ccantor de Deus\u201d: \u201cQuando crian\u00e7a eu queria ser cantor. E me tornei um cantor sim, mas de Deus, o que para mim \u00e9 uma honra muito grande. E \u00e9 interessante que Santo Agostinho dizia que cantar \u00e9 pr\u00f3prio dos que amam. Eu acho que quanto mais a gente ama as pessoas, a Igreja e a Deus, mais a gente tem que cantar mesmo. E fazer com que outros cantem. Nossa miss\u00e3o tamb\u00e9m \u00e9 Evangelizar para que outros cantando evangelizem tamb\u00e9m e que a vida se torne uma can\u00e7\u00e3o de amor, de f\u00e9, de esperan\u00e7a\u201d.<\/p>\n<blockquote>\n<p style=\"text-align: justify\">\u201c<em>Deus me deu o dom de cantar, de compor algumas coisinhas simples e estamos a\u00ed \u2018caminhando e cantando e seguindo a can\u00e7\u00e3o&#8230;<\/em>\u2019\u201d.<\/p>\n<\/blockquote>\n","protected":false},"excerpt":{"rendered":"<p>Padres Ricardo White e Ant\u00f4nio Maria falam de seu trabalho como administradores do dom da m\u00fasica que fala aos cora\u00e7\u00f5es <\/p>\n","protected":false},"author":83,"featured_media":234904,"comment_status":"closed","ping_status":"open","sticky":false,"template":"","format":"standard","meta":{"site-sidebar-layout":"default","site-content-layout":"default","ast-global-header-display":"","ast-banner-title-visibility":"","ast-main-header-display":"","ast-hfb-above-header-display":"","ast-hfb-below-header-display":"","ast-hfb-mobile-header-display":"","site-post-title":"","ast-breadcrumbs-content":"","ast-featured-img":"","footer-sml-layout":"","theme-transparent-header-meta":"","adv-header-id-meta":"","stick-header-meta":"","header-above-stick-meta":"","header-main-stick-meta":"","header-below-stick-meta":""},"categories":[878],"tags":[],"acf":[],"_links":{"self":[{"href":"https:\/\/www.cnbb.org.br\/cnbb-app\/wp\/v2\/posts\/234837"}],"collection":[{"href":"https:\/\/www.cnbb.org.br\/cnbb-app\/wp\/v2\/posts"}],"about":[{"href":"https:\/\/www.cnbb.org.br\/cnbb-app\/wp\/v2\/types\/post"}],"author":[{"embeddable":true,"href":"https:\/\/www.cnbb.org.br\/cnbb-app\/wp\/v2\/users\/83"}],"replies":[{"embeddable":true,"href":"https:\/\/www.cnbb.org.br\/cnbb-app\/wp\/v2\/comments?post=234837"}],"version-history":[{"count":0,"href":"https:\/\/www.cnbb.org.br\/cnbb-app\/wp\/v2\/posts\/234837\/revisions"}],"wp:featuredmedia":[{"embeddable":true,"href":"https:\/\/www.cnbb.org.br\/cnbb-app\/wp\/v2\/media\/234904"}],"wp:attachment":[{"href":"https:\/\/www.cnbb.org.br\/cnbb-app\/wp\/v2\/media?parent=234837"}],"wp:term":[{"taxonomy":"category","embeddable":true,"href":"https:\/\/www.cnbb.org.br\/cnbb-app\/wp\/v2\/categories?post=234837"},{"taxonomy":"post_tag","embeddable":true,"href":"https:\/\/www.cnbb.org.br\/cnbb-app\/wp\/v2\/tags?post=234837"}],"curies":[{"name":"wp","href":"https:\/\/api.w.org\/{rel}","templated":true}]}}