{"id":234866,"date":"2020-03-10T17:02:43","date_gmt":"2020-03-10T20:02:43","guid":{"rendered":"https:\/\/www.cnbb.org.br\/?p=234866"},"modified":"2020-03-10T17:02:43","modified_gmt":"2020-03-10T20:02:43","slug":"papa-exortou-os-padres-a-levarem-a-comunhao-a-quem-precisa-permanecer-em-casa-na-italia","status":"publish","type":"post","link":"https:\/\/www.cnbb.org.br\/papa-exortou-os-padres-a-levarem-a-comunhao-a-quem-precisa-permanecer-em-casa-na-italia\/","title":{"rendered":"Papa exortou os padres a levarem a comunh\u00e3o a quem precisa permanecer em casa na It\u00e1lia"},"content":{"rendered":"<p style=\"text-align: justify\">Nesta ter\u00e7a-feira, 10 de mar\u00e7o, o Pont\u00edfice presidiu a segunda missa ao vivo, via streaming, direto da Capela da Casa Santa Marta, no Vaticano. Al\u00e9m do novo encorajamento aos agentes sanit\u00e1rios que lutam contra o Covid-19 e das ora\u00e7\u00f5es aos infectados, o Papa exortou os padres a levarem a comunh\u00e3o a quem precisa permanecer em casa.<\/p>\n<p>As imagens da missa celebrada na Capela da Casa Santa Marta, no Vaticano, que diariamente est\u00e3o levando o encorajamento do Papa via streaming para o mundo, iniciaram nesta ter\u00e7a-feira, 10 de mar\u00e7o, com um lento zoom da c\u00e2mera sobre o crucifixo que se sobrep\u00f5e ao altar. Em seguida, aparece a figura de Francisco que sai da Sacristia.<\/p>\n<p>Come\u00e7a num sil\u00eancio total do local a cerim\u00f4nia presidida pelo Pont\u00edfice. Um sil\u00eancio que o pr\u00f3prio Papa quebra logo ao recordar, como na missa desta segunda-feira (9), que a celebra\u00e7\u00e3o \u00e9 oferecida a quem sofre por causa do coronav\u00edrus, para quem cuida deles: \u201cRezemos ao Senhor tamb\u00e9m pelos nossos sacerdotes para que tenham a coragem de sair e ir ao encontro dos doentes, levando a for\u00e7a da Palavra de Deus e a Eucaristia, e de acompanhar os profissionais de sa\u00fade, os volunt\u00e1rios, nesse trabalho que est\u00e3o fazendo.\u201d<\/p>\n<p><strong>A vaidade \u00e9 venenosa e nunca cura<\/strong><\/p>\n<p style=\"text-align: justify\">A homilia \u00e9 inspirada no Evangelho, no qual os escribas e fariseus da \u00e9poca faziam exibi\u00e7\u00e3o hip\u00f3crita da sua superioridade diante das pessoas, chamando-se de mestres, mas recusando de se comportar com coer\u00eancia. A seguir, o texto da homilia, com uma transcri\u00e7\u00e3o do Vatican News, quando o Papa iniciou comentando:<\/p>\n<p style=\"text-align: justify\">\u201cOntem a Palavra de Deus nos ensinava a reconhecer os nossos pecados e a confess\u00e1-los, mas n\u00e3o somente com a mente, tamb\u00e9m com o cora\u00e7\u00e3o, com um esp\u00edrito de vergonha; a vergonha como uma postura mais nobre diante de Deus pelos nossos pecados. E, hoje, o Senhor chama todos, pecadores, a dialogar com Ele, porque o pecado nos fecha em n\u00f3s mesmos, nos faz nos escondermos ou esconde a nossa verdade, dentro.<\/p>\n<p style=\"text-align: justify\">\u00c9 isso que aconteceu com Ad\u00e3o, com Eva: depois do pecado, se esconderam porque tinham vergonha; estavam nus. E o pecador, quando sente a vergonha, depois tem a tenta\u00e7\u00e3o de se esconder. E o Senhor chama: \u2018Vamos, venham, vamos discutir\u2019, diz o Senhor, \u2018vamos falar do teu pecado, da tua situa\u00e7\u00e3o. N\u00e3o tenham medo. N\u00e3o&#8230;\u2019. E continua: \u2018Mesmo se os pecados de voc\u00eas fossem como a cor de escarlate, v\u00e3o se tornar brancos como a neve. Se fossem vermelhos como a p\u00farpura, v\u00e3o se tornar como l\u00e3\u2019. \u2018Venham, porque eu sou capaz de mudar tudo\u2019, diz o Senhor, \u2018n\u00e3o tenham medo de vir falar, sejam corajosos mesmo com as mis\u00e9rias de voc\u00eas\u2019.<\/p>\n<p>Me faz lembrar aquele santo, que t\u00e3o penitente, rezava muito. E procurava sempre dar ao Senhor tudo aquilo que o Senhor lhe pedia. Mas o Senhor n\u00e3o estava feliz. E, um dia, ele estava um pouco irritado com o Senhor, porque tinha um certo temperamento, aquele santo. E disse ao Senhor: \u2018Mas, Senhor, eu n\u00e3o te entendo. Eu te dou tudo, tudo, e tu sempre est\u00e1 t\u00e3o insatisfeito, como se faltasse alguma coisa. O que falta?\u2019. [E o Senhor responde]: \u2018Me d\u00ea os teus pecados: \u00e9 isso que falta\u2019.<\/p>\n<p style=\"text-align: justify\">Ter a coragem de ir falar com o Senhor com as nossas mis\u00e9rias: \u2018Vamos, venham! Vamos discutir! N\u00e3o tenham medo. Mesmo se os pecados de voc\u00eas fossem como escarlate, v\u00e3o se tornar brancos como a neve. Se fossem vermelhos como a p\u00farpura, v\u00e3o se tornar como l\u00e3\u2019.<\/p>\n<p style=\"text-align: justify\">Esse \u00e9 o convite do Senhor. Mas sempre h\u00e1 um engano: ao inv\u00e9s de ir falar com o Senhor, fingir de n\u00e3o ser pecadores. \u00c9 aquilo que o Senhor repreende aos doutores da lei. Essas pessoas fazem as obras \u2018para serem admiradas pelas pessoas: ampliam os seus filact\u00e9rios e alongam as franjas; est\u00e3o satisfeitos pelos lugares de honra nos banquetes, dos primeiros lugares nas sinagogas, das sauda\u00e7\u00f5es nas pra\u00e7as, como tamb\u00e9m de serem chamados Rabbi das pessoas\u2019.<\/p>\n<p style=\"text-align: justify\">A apar\u00eancia, a vaidade. Encobertar a verdade do nosso cora\u00e7\u00e3o com a vaidade. A vaidade nunca cura! A vaidade nunca cura. Al\u00e9m disso, \u00e9 venenosa, continua trazendo a doen\u00e7a do cora\u00e7\u00e3o, trazendo aquela dureza de cora\u00e7\u00e3o que te diz: \u2018N\u00e3o, n\u00e3o v\u00e1 ao Senhor, n\u00e3o v\u00e1. Voc\u00ea fica.\u2019<\/p>\n<p style=\"text-align: justify\">A vaidade \u00e9 apenas o lugar para se fechar ao chamado do Senhor. Em vez disso, o convite do Senhor \u00e9 aquele de um pai, de um irm\u00e3o: \u2018Venham! Vamos conversar, falar. Ao final, Eu sou capaz de mudar a tua vida do vermelho ao branco\u2019.<\/p>\n<p style=\"text-align: justify\">\u201cQue essa Palavra do Senhor nos encoraje; que a nossa ora\u00e7\u00e3o seja uma ora\u00e7\u00e3o real. Da nossa realidade, dos nossos pecados, das nossas mis\u00e9rias. Fale com o Senhor. Ele sabe, Ele sabe o que somos. Sabemos disso, mas a vaidade nos convida sempre a encobertar. Que o Senhor nos ajude.\u201d<\/p>\n<p>Com informa\u00e7\u00f5es do VaticanNews    \t<\/p>\n","protected":false},"excerpt":{"rendered":"<p>O Santo Padre tamb\u00e9m encorajou os agentes sanit\u00e1rios na luta contra o Conavid-19, nesta ter\u00e7a-feira, 10 de mar\u00e7o, missa na Casa Santa Marta<\/p>\n","protected":false},"author":83,"featured_media":234867,"comment_status":"closed","ping_status":"open","sticky":false,"template":"","format":"standard","meta":{"site-sidebar-layout":"default","site-content-layout":"default","ast-global-header-display":"","ast-banner-title-visibility":"","ast-main-header-display":"","ast-hfb-above-header-display":"","ast-hfb-below-header-display":"","ast-hfb-mobile-header-display":"","site-post-title":"","ast-breadcrumbs-content":"","ast-featured-img":"","footer-sml-layout":"","theme-transparent-header-meta":"","adv-header-id-meta":"","stick-header-meta":"","header-above-stick-meta":"","header-main-stick-meta":"","header-below-stick-meta":""},"categories":[784],"tags":[],"acf":[],"_links":{"self":[{"href":"https:\/\/www.cnbb.org.br\/cnbb-app\/wp\/v2\/posts\/234866"}],"collection":[{"href":"https:\/\/www.cnbb.org.br\/cnbb-app\/wp\/v2\/posts"}],"about":[{"href":"https:\/\/www.cnbb.org.br\/cnbb-app\/wp\/v2\/types\/post"}],"author":[{"embeddable":true,"href":"https:\/\/www.cnbb.org.br\/cnbb-app\/wp\/v2\/users\/83"}],"replies":[{"embeddable":true,"href":"https:\/\/www.cnbb.org.br\/cnbb-app\/wp\/v2\/comments?post=234866"}],"version-history":[{"count":0,"href":"https:\/\/www.cnbb.org.br\/cnbb-app\/wp\/v2\/posts\/234866\/revisions"}],"wp:featuredmedia":[{"embeddable":true,"href":"https:\/\/www.cnbb.org.br\/cnbb-app\/wp\/v2\/media\/234867"}],"wp:attachment":[{"href":"https:\/\/www.cnbb.org.br\/cnbb-app\/wp\/v2\/media?parent=234866"}],"wp:term":[{"taxonomy":"category","embeddable":true,"href":"https:\/\/www.cnbb.org.br\/cnbb-app\/wp\/v2\/categories?post=234866"},{"taxonomy":"post_tag","embeddable":true,"href":"https:\/\/www.cnbb.org.br\/cnbb-app\/wp\/v2\/tags?post=234866"}],"curies":[{"name":"wp","href":"https:\/\/api.w.org\/{rel}","templated":true}]}}